{"id":33936,"date":"2025-02-22T15:45:04","date_gmt":"2025-02-22T15:45:04","guid":{"rendered":"https:\/\/247stiri.ro\/index.php\/2025\/02\/22\/accident-grav-in-capitala-doi-copii-loviti-in-plin-de-o-masina-in-timp-ce-traversau-strada-si-proiectati-intr-un-autobuz\/"},"modified":"2025-02-22T15:45:04","modified_gmt":"2025-02-22T15:45:04","slug":"accident-grav-in-capitala-doi-copii-loviti-in-plin-de-o-masina-in-timp-ce-traversau-strada-si-proiectati-intr-un-autobuz","status":"publish","type":"post","link":"https:\/\/247stiri.ro\/index.php\/2025\/02\/22\/accident-grav-in-capitala-doi-copii-loviti-in-plin-de-o-masina-in-timp-ce-traversau-strada-si-proiectati-intr-un-autobuz\/","title":{"rendered":"Accident grav \u00een Capital\u0103. Doi copii, lovi\u021bi \u00een plin de o ma\u0219in\u0103 \u00een timp ce traversau strada \u0219i proiecta\u021bi \u00eentr-un autobuz"},"content":{"rendered":"<p>Incidentul s-a petrecut pe \u0218os. Bucure\u0219ti-M\u0103gurele din Capital\u0103, iar potrivit reprezentan\u021bilor Brig\u0103zii Rutiere vinovat\u0103 de producerea lui este o femeie \u00een v\u00e2rst\u0103 de 51 de ani care se afla la volanul autoturismului.\u00a0<\/p>\n<p>\u201dDin primele date, conduc\u0103toarea unui autovehicul, \u00een v\u00e2rst\u0103 de 51 de ani, care se deplasa pe \u0218os. Bucure\u0219ti-M\u0103gurele dinspre \u0218os. Alexandriei, \u00een momentul \u00een care a ajuns la nr. 48D, a surprins \u0219i accidentat doi pietoni care se angajaser\u0103 \u00een traversarea p\u0103r\u021bii carosabile\u201d, a transmis Brigada Rutier\u0103.\u00a0<\/p>\n<p>\u00cen urma impactului, minorii au fost proiecta\u021bi \u00eentr-un autobuz de transport public, oprit pe cel\u0103lalt sens de mers, la volanul c\u0103ruia se afla un b\u0103rbat \u00een v\u00e2rst\u0103 de 45 de ani.<\/p>\n<p>Din p\u0103cate, ambii pietoni s-au ales cu mai multe leziuni \u0219i au fost transporta\u021bi la Spitalul Clinic de Urgen\u021b\u0103 pentru Copii \u201eGrigore Alexandrescu&#8221; pentru \u00eengrijiri medicale.<\/p>\n<p>Ambii \u0219oferi au fost testa\u021bi de poli\u021bi\u0219tii rutieri cu aparatul etilotest, rezultatul indicat fiind negativ.<\/p>\n<p>\u00cen acest caz, a fost deschis un dosar penal de v\u0103t\u0103mare corporal\u0103 din culp\u0103, iar oamenii legii continu\u0103 cercet\u0103rile pentru a stabili cu exactitate cauzele \u0219i \u00eemprejur\u0103rile \u00een care s-a produs <a href=\"https:\/\/www.realitatea.net\/stiri\/actual\/accident-grav-in-dambovita-intre-doua-autovehicule-patru-persoane-sunt-ranite_67b9c5bde55fbb0c9e3995e6\" target=\"_blank\">evenimentul rutier<\/a>.\u00a0<\/p>","protected":false},"excerpt":{"rendered":"<p>Incidentul s-a petrecut pe \u0218os. Bucure\u0219ti-M\u0103gurele din Capital\u0103, iar potrivit reprezentan\u021bilor Brig\u0103zii Rutiere vinovat\u0103 de&hellip;<\/p>\n","protected":false},"author":0,"featured_media":33937,"comment_status":"open","ping_status":"open","sticky":false,"template":"","format":"standard","meta":{"footnotes":""},"categories":[2],"tags":[],"class_list":["post-33936","post","type-post","status-publish","format-standard","has-post-thumbnail","hentry","category-actual"],"_links":{"self":[{"href":"https:\/\/247stiri.ro\/index.php\/wp-json\/wp\/v2\/posts\/33936","targetHints":{"allow":["GET"]}}],"collection":[{"href":"https:\/\/247stiri.ro\/index.php\/wp-json\/wp\/v2\/posts"}],"about":[{"href":"https:\/\/247stiri.ro\/index.php\/wp-json\/wp\/v2\/types\/post"}],"replies":[{"embeddable":true,"href":"https:\/\/247stiri.ro\/index.php\/wp-json\/wp\/v2\/comments?post=33936"}],"version-history":[{"count":0,"href":"https:\/\/247stiri.ro\/index.php\/wp-json\/wp\/v2\/posts\/33936\/revisions"}],"wp:featuredmedia":[{"embeddable":true,"href":"https:\/\/247stiri.ro\/index.php\/wp-json\/wp\/v2\/media\/33937"}],"wp:attachment":[{"href":"https:\/\/247stiri.ro\/index.php\/wp-json\/wp\/v2\/media?parent=33936"}],"wp:term":[{"taxonomy":"category","embeddable":true,"href":"https:\/\/247stiri.ro\/index.php\/wp-json\/wp\/v2\/categories?post=33936"},{"taxonomy":"post_tag","embeddable":true,"href":"https:\/\/247stiri.ro\/index.php\/wp-json\/wp\/v2\/tags?post=33936"}],"curies":[{"name":"wp","href":"https:\/\/api.w.org\/{rel}","templated":true}]}}