{"id":33946,"date":"2025-02-22T16:45:21","date_gmt":"2025-02-22T16:45:21","guid":{"rendered":"https:\/\/247stiri.ro\/index.php\/2025\/02\/22\/george-simion-anunt-de-ultima-ora-pentru-romani-ce-pregateste-liderul-suveranistilor-facem-curatenie-generala-la-inceput-de-primavara\/"},"modified":"2025-02-22T16:45:21","modified_gmt":"2025-02-22T16:45:21","slug":"george-simion-anunt-de-ultima-ora-pentru-romani-ce-pregateste-liderul-suveranistilor-facem-curatenie-generala-la-inceput-de-primavara","status":"publish","type":"post","link":"https:\/\/247stiri.ro\/index.php\/2025\/02\/22\/george-simion-anunt-de-ultima-ora-pentru-romani-ce-pregateste-liderul-suveranistilor-facem-curatenie-generala-la-inceput-de-primavara\/","title":{"rendered":"George Simion, anun\u021b de ultim\u0103 or\u0103 pentru rom\u00e2ni. Ce preg\u0103te\u0219te liderul suverani\u0219tilor: \u201dFacem cur\u0103\u021benie general\u0103 la \u00eenceput de prim\u0103var\u0103\u201d"},"content":{"rendered":"<p>Liderul suverani\u0219tilor a subliniat, \u00eentr-o postare pe pagina sa de Facebook, c\u0103 prin aceast\u0103 ac\u021biune se va face o cur\u0103\u021benie general\u0103 la \u00eenceput de prim\u0103var\u0103.\u00a0<\/p>\n<p>\u201cC\u00e2teva mii\u201d de protestatari titreaz\u0103 presa sistemului\u2026 ne vedem pe 1 martie s\u0103 facem cur\u0103\u021benie general\u0103 la \u00eenceput de prim\u0103var\u0103\u201d, a scris George Simion, pe Facebook.\u00a0<\/p>\n\n<p>Pre\u0219edintele AUR a f\u0103cut acest anun\u021b \u00een timp ce rom\u00e2nii au ie\u0219it \u00een strad\u0103 pentru a cere turul 2 \u00eenapoi, dar \u0219i pentru a str\u00e2nge semn\u0103turile necesare pre\u0219edintelui ales C\u0103lin Georgescu la alegerile preziden\u021biale.\u00a0<\/p>\n<p>\u00cen urma mobiliz\u0103rii f\u0103r\u0103 precedent a rom\u00e2nilor, s-au str\u00e2ns foarte rapid cele 200.000 de semn\u0103turi \u0219i este posibil s\u0103 se ating\u0103 un record. Din informa\u021biile partidului AUR, exist\u0103 600.000 de semnatari, iar rom\u00e2nii \u00eenc\u0103 semneaz\u0103 pentru pre\u0219edintele ales, C\u0103lin Georgescu.<\/p>\n<p>\u00a0<\/p>","protected":false},"excerpt":{"rendered":"<p>Liderul suverani\u0219tilor a subliniat, \u00eentr-o postare pe pagina sa de Facebook, c\u0103 prin aceast\u0103 ac\u021biune&hellip;<\/p>\n","protected":false},"author":0,"featured_media":33943,"comment_status":"open","ping_status":"open","sticky":false,"template":"","format":"standard","meta":{"footnotes":""},"categories":[2],"tags":[],"class_list":["post-33946","post","type-post","status-publish","format-standard","has-post-thumbnail","hentry","category-actual"],"_links":{"self":[{"href":"https:\/\/247stiri.ro\/index.php\/wp-json\/wp\/v2\/posts\/33946","targetHints":{"allow":["GET"]}}],"collection":[{"href":"https:\/\/247stiri.ro\/index.php\/wp-json\/wp\/v2\/posts"}],"about":[{"href":"https:\/\/247stiri.ro\/index.php\/wp-json\/wp\/v2\/types\/post"}],"replies":[{"embeddable":true,"href":"https:\/\/247stiri.ro\/index.php\/wp-json\/wp\/v2\/comments?post=33946"}],"version-history":[{"count":0,"href":"https:\/\/247stiri.ro\/index.php\/wp-json\/wp\/v2\/posts\/33946\/revisions"}],"wp:featuredmedia":[{"embeddable":true,"href":"https:\/\/247stiri.ro\/index.php\/wp-json\/wp\/v2\/media\/33943"}],"wp:attachment":[{"href":"https:\/\/247stiri.ro\/index.php\/wp-json\/wp\/v2\/media?parent=33946"}],"wp:term":[{"taxonomy":"category","embeddable":true,"href":"https:\/\/247stiri.ro\/index.php\/wp-json\/wp\/v2\/categories?post=33946"},{"taxonomy":"post_tag","embeddable":true,"href":"https:\/\/247stiri.ro\/index.php\/wp-json\/wp\/v2\/tags?post=33946"}],"curies":[{"name":"wp","href":"https:\/\/api.w.org\/{rel}","templated":true}]}}