{"id":33948,"date":"2025-02-22T16:45:22","date_gmt":"2025-02-22T16:45:22","guid":{"rendered":"https:\/\/247stiri.ro\/index.php\/2025\/02\/22\/crin-antonescu-dezvaluiri-incendiare-despre-cea-de-a-doua-sotie-europarlamentara-adina-valean-casatoria-cu-mine-a-dezavantajat-o-in-permanenta\/"},"modified":"2025-02-22T16:45:22","modified_gmt":"2025-02-22T16:45:22","slug":"crin-antonescu-dezvaluiri-incendiare-despre-cea-de-a-doua-sotie-europarlamentara-adina-valean-casatoria-cu-mine-a-dezavantajat-o-in-permanenta","status":"publish","type":"post","link":"https:\/\/247stiri.ro\/index.php\/2025\/02\/22\/crin-antonescu-dezvaluiri-incendiare-despre-cea-de-a-doua-sotie-europarlamentara-adina-valean-casatoria-cu-mine-a-dezavantajat-o-in-permanenta\/","title":{"rendered":"Crin Antonescu, dezv\u0103luiri incendiare despre cea de-a doua so\u021bie, europarlamentara Adina V\u0103lean: \u201dC\u0103s\u0103toria cu mine a dezavantajat-o \u00een permanen\u021b\u0103\u201d"},"content":{"rendered":"<p>Fostul pre\u0219edinte al PNL a negat faptul c\u0103 a avut o rela\u021bie cu Adina V\u0103lean \u00eenainte de moartea primei sale so\u021bii care s-a sinucis \u00een anul 2004.\u00a0<\/p>\n<p>\u201dAdina V\u0103lean a ajuns \u2013 nu o cuno\u0219team \u2013 \u00een Ministerul Tineretului \u0219i Sportului \u00eenainte de a fi eu ministru. N-am avut o rela\u021bie dec\u00e2t strict profesional\u0103 \u0219i aceea nu foarte intens\u0103 pentru c\u0103 ea conducea un departament de tineret \u0219i eu, recunosc, m\u0103 ocupam mai mult cu sportul. N-am avut rela\u021biile care sunt insinuate mizerabil p\u00e2n\u0103 foarte t\u00e2rziu, niciodat\u0103 nu am avut astfel de rela\u021bii at\u00e2t c\u00e2t a tr\u0103it so\u021bia mea \u0219i am fost p\u00e2n\u0103 \u00een ultima secund\u0103 al\u0103turi de ea, \u00een toate felurile\u201d, a explicat recent Crin Antonescu la o emisiune TV.<\/p>\n<p>Candidatul coali\u021biei PSD-PNL-UDMR la pre\u0219edin\u021bia Rom\u00e2niei a recunoscut faptul c\u0103 mariajul s\u0103u cu Adina V\u0103lean a avut un impact negativ asupra carierei eurodeputatei.\u00a0<\/p>\n<p>\u201dRela\u021bia dintre noi e o rela\u021bie special\u0103, suntem un cuplu de politicieni. C\u0103s\u0103toria cu mine a afectat-o pe Adina, a dezavantajat-o \u00een permanen\u021b\u0103. At\u00e2ta vreme c\u00e2t f\u0103cea lucruri la Bruxelles era nevasta lui Antonescu \u0219i era pentru c\u0103 era nevasta pre\u0219edintelui partidului, o mizerie\u201d, a mai spus fostul lider PNL.<\/p>\n<p>De asemenea, politicianul a \u021binut s\u0103 men\u021bioneze faptul c\u0103, de-a lungul timpului, \u00a0Adina V\u0103lean a avut o influen\u021b\u0103 pozitiv\u0103 asupra sa.\u00a0<\/p>\n<p>\u201dInfluen\u021ba ei asupra mea, cu pre\u021bul unor mari eforturi din partea ei \u0219i a unor mari r\u0103bd\u0103ri, a fost, dup\u0103 p\u0103rerea mea, \u00een toate privin\u021bele, bun\u0103. Ne mai ciond\u0103nim, inclusiv pe teme politice, ea e mai de dreapta pu\u021bin dec\u00e2t mine, mai dur\u0103, \u00een politicile liberale, economice sau a\u0219a\u201d, a conchis Crin Antonescu.<\/p>","protected":false},"excerpt":{"rendered":"<p>Fostul pre\u0219edinte al PNL a negat faptul c\u0103 a avut o rela\u021bie cu Adina V\u0103lean&hellip;<\/p>\n","protected":false},"author":0,"featured_media":33945,"comment_status":"open","ping_status":"open","sticky":false,"template":"","format":"standard","meta":{"footnotes":""},"categories":[2],"tags":[],"class_list":["post-33948","post","type-post","status-publish","format-standard","has-post-thumbnail","hentry","category-actual"],"_links":{"self":[{"href":"https:\/\/247stiri.ro\/index.php\/wp-json\/wp\/v2\/posts\/33948","targetHints":{"allow":["GET"]}}],"collection":[{"href":"https:\/\/247stiri.ro\/index.php\/wp-json\/wp\/v2\/posts"}],"about":[{"href":"https:\/\/247stiri.ro\/index.php\/wp-json\/wp\/v2\/types\/post"}],"replies":[{"embeddable":true,"href":"https:\/\/247stiri.ro\/index.php\/wp-json\/wp\/v2\/comments?post=33948"}],"version-history":[{"count":0,"href":"https:\/\/247stiri.ro\/index.php\/wp-json\/wp\/v2\/posts\/33948\/revisions"}],"wp:featuredmedia":[{"embeddable":true,"href":"https:\/\/247stiri.ro\/index.php\/wp-json\/wp\/v2\/media\/33945"}],"wp:attachment":[{"href":"https:\/\/247stiri.ro\/index.php\/wp-json\/wp\/v2\/media?parent=33948"}],"wp:term":[{"taxonomy":"category","embeddable":true,"href":"https:\/\/247stiri.ro\/index.php\/wp-json\/wp\/v2\/categories?post=33948"},{"taxonomy":"post_tag","embeddable":true,"href":"https:\/\/247stiri.ro\/index.php\/wp-json\/wp\/v2\/tags?post=33948"}],"curies":[{"name":"wp","href":"https:\/\/api.w.org\/{rel}","templated":true}]}}