{"id":33951,"date":"2025-02-22T16:45:22","date_gmt":"2025-02-22T16:45:22","guid":{"rendered":"https:\/\/247stiri.ro\/index.php\/2025\/02\/22\/lasata-secului-de-carne-pentru-postul-pastelui-2025-traditii-obiceiuri-si-superstitii\/"},"modified":"2025-02-22T16:45:22","modified_gmt":"2025-02-22T16:45:22","slug":"lasata-secului-de-carne-pentru-postul-pastelui-2025-traditii-obiceiuri-si-superstitii","status":"publish","type":"post","link":"https:\/\/247stiri.ro\/index.php\/2025\/02\/22\/lasata-secului-de-carne-pentru-postul-pastelui-2025-traditii-obiceiuri-si-superstitii\/","title":{"rendered":"L\u0103sata Secului de carne pentru Postul Pa\u0219telui 2025. Tradi\u021bii, obiceiuri \u0219i supersti\u021bii"},"content":{"rendered":"<p>\u00cenainte de \u00eenceperea propriu-zis\u0103 a <a href=\"https:\/\/www.realitatea.net\/stiri\/actual\/postul-pastelui-2025-cand-incepe-cel-mai-lung-si-mai-greu-post-din-an-rugaciunea-pe-care-toti-credinciosii-trebuie-sa-o-rosteasca-in-aceasta-perioada_67a5de9a9075087a0429c705\" target=\"_blank\">Postului Pa\u0219telui<\/a>, Biserica Ortodox\u0103 a stabilit o zi care marcheaz\u0103 sf\u00e2r\u0219itul perioadei \u00een care credincio\u0219ii mai pot m\u00e2nca de dulce \u0219i care poart\u0103 numele de \u201eL\u0103satul Secului\u201d.<\/p>\n<p>Cu o s\u0103pt\u0103m\u00e2n\u0103 de intrarea \u00een Postul Pa\u0219telui, se las\u0103 sec de carne, mai exact, duminic\u0103, pe 23 februarie 2025. \u00cen aceast\u0103 zi, se m\u0103n\u00e2nc\u0103 pentru ultima dat\u0103, p\u00e2n\u0103 la s\u0103rb\u0103toarea \u00cenvierii Domnului, alimente pe baz\u0103 de carne.<\/p>\n<p>\u00cen s\u0103pt\u0103m\u00e2na urm\u0103toare, cunoscut\u0103 \u00een popor drept S\u0103pt\u0103m\u00e2na Alb\u0103,credincio\u0219ilor le este permis s\u0103 consume lapte, br\u00e2nz\u0103, ou\u0103 \u0219i pe\u0219te, urm\u00e2nd ca de pe data de 3 martie s\u0103 consume doar alimente de origine vegetal\u0103.<\/p>\n<p>Tradi\u021bii, obiceiuri \u0219i supersti\u021bii de L\u0103sata Secului de carne pentru Postul Pa\u0219telui 2025<\/p>\n<p>L\u0103sata Secului este o s\u0103rb\u0103toare semnificativ\u0103 care indic\u0103 ultima zi \u00een care este permis consumul de dulciuri, \u00eenaintea \u00eenceperii unuia dintre cele mai riguroase posturi stabilite de Biserica Ortodox\u0103, Postul Pa\u0219telui.<\/p>\n<p>Aceast\u0103 s\u0103rb\u0103toare marcheaz\u0103 momentul de tranzi\u021bie dintre anul agrar vechi \u0219i cel nou \u0219i este considerat\u0103 extrem de important\u0103 \u00een calendarul cre\u0219tin ortodox.<\/p>\n<p>O tradi\u021bie obi\u0219nuit\u0103 este organizarea unei mese festive la care se adun\u0103 \u00eentreaga familie pentru a marca aceast\u0103 s\u0103rb\u0103toare.\u00cen B\u0103r\u0103gan, un obicei tradi\u021bional spune c\u0103 de L\u0103sata Secului trebuie s\u0103 se adune toate oasele \u0219i resturile de m\u00e2ncare pe o fa\u021b\u0103 de mas\u0103, care apoi sunt aruncate afar\u0103 spre r\u0103s\u0103rit \u00een ziua urm\u0103toare. Oamenii rostesc cuvintele \u201eP\u0103s\u0103rile cerului! Eu v\u0103 dau vou\u0103 hran\u0103 din masa mea, cu care s\u0103 fi\u0163i \u00eendestulate \u015fi de la holdele mele oprite\u201d.<\/p>\n<p>De asemenea, \u00een ziua L\u0103satei Secului pentru Postul Pa\u0219telui, fiecare copil \u00eencearc\u0103 s\u0103 prind\u0103 bucata de halvi\u021b\u0103 cu gura, un lucru mai dificil dec\u00e2t s-ar putea crede. Majoritatea celor care particip\u0103 la aceast\u0103 tradi\u021bie ajung s\u0103 se murd\u0103reasc\u0103 pe fa\u021b\u0103 \u0219i chiar pe haine. Se spune c\u0103 persoana care prinde halvi\u021ba \u00een gur\u0103 o prime\u0219te ca o recompens\u0103.<\/p>\n<p>Un alt obicei p\u0103strat \u00een ziua L\u0103satei Secului pentru Postul Pa\u0219telui este Legarea gr\u00e2nelor, practicat pentru a proteja recolta de p\u0103s\u0103ri sau alte d\u0103un\u0103toare.<\/p>\n<p>\u00cen plus, \u00een aceast\u0103 zi, cre\u0219tinii petrec al\u0103turi de familie \u0219i savureaz\u0103 bucate alese. Totodat\u0103, este obiceiul ca finii s\u0103 mearg\u0103 la na\u0219i cu un plocon, care const\u0103 \u00eentr-o g\u0103in\u0103 fript\u0103, un colac mare sau o turt\u0103 \u00een foi \u0219i o sticl\u0103 de vin.<\/p>\n<p>Finii \u00ee\u0219i exprim\u0103 regretele fa\u021b\u0103 de gre\u0219elile comise \u00een trecut \u00een fa\u021ba na\u0219ilor lor \u0219i, dup\u0103 ce se \u00eempac\u0103, se preg\u0103te\u0219te o mas\u0103 festiv\u0103. Pe mas\u0103 sunt a\u0219ezate pl\u0103cinte cu fructe \u0219i legume, struguri sau stafide, care simbolizeaz\u0103 sporul \u0219i vigoarea spiritual\u0103.<\/p>","protected":false},"excerpt":{"rendered":"<p>\u00cenainte de \u00eenceperea propriu-zis\u0103 a Postului Pa\u0219telui, Biserica Ortodox\u0103 a stabilit o zi care marcheaz\u0103&hellip;<\/p>\n","protected":false},"author":0,"featured_media":33939,"comment_status":"open","ping_status":"open","sticky":false,"template":"","format":"standard","meta":{"footnotes":""},"categories":[2],"tags":[],"class_list":["post-33951","post","type-post","status-publish","format-standard","has-post-thumbnail","hentry","category-actual"],"_links":{"self":[{"href":"https:\/\/247stiri.ro\/index.php\/wp-json\/wp\/v2\/posts\/33951","targetHints":{"allow":["GET"]}}],"collection":[{"href":"https:\/\/247stiri.ro\/index.php\/wp-json\/wp\/v2\/posts"}],"about":[{"href":"https:\/\/247stiri.ro\/index.php\/wp-json\/wp\/v2\/types\/post"}],"replies":[{"embeddable":true,"href":"https:\/\/247stiri.ro\/index.php\/wp-json\/wp\/v2\/comments?post=33951"}],"version-history":[{"count":0,"href":"https:\/\/247stiri.ro\/index.php\/wp-json\/wp\/v2\/posts\/33951\/revisions"}],"wp:featuredmedia":[{"embeddable":true,"href":"https:\/\/247stiri.ro\/index.php\/wp-json\/wp\/v2\/media\/33939"}],"wp:attachment":[{"href":"https:\/\/247stiri.ro\/index.php\/wp-json\/wp\/v2\/media?parent=33951"}],"wp:term":[{"taxonomy":"category","embeddable":true,"href":"https:\/\/247stiri.ro\/index.php\/wp-json\/wp\/v2\/categories?post=33951"},{"taxonomy":"post_tag","embeddable":true,"href":"https:\/\/247stiri.ro\/index.php\/wp-json\/wp\/v2\/tags?post=33951"}],"curies":[{"name":"wp","href":"https:\/\/api.w.org\/{rel}","templated":true}]}}