{"id":33952,"date":"2025-02-22T16:45:23","date_gmt":"2025-02-22T16:45:23","guid":{"rendered":"https:\/\/247stiri.ro\/index.php\/2025\/02\/22\/proteste-violente-in-bulgaria-nemultumitii-au-dat-foc-la-sediul-unei-misiuni-a-uniunii-europene-la-sofia-video\/"},"modified":"2025-02-22T16:45:23","modified_gmt":"2025-02-22T16:45:23","slug":"proteste-violente-in-bulgaria-nemultumitii-au-dat-foc-la-sediul-unei-misiuni-a-uniunii-europene-la-sofia-video","status":"publish","type":"post","link":"https:\/\/247stiri.ro\/index.php\/2025\/02\/22\/proteste-violente-in-bulgaria-nemultumitii-au-dat-foc-la-sediul-unei-misiuni-a-uniunii-europene-la-sofia-video\/","title":{"rendered":"Proteste violente, \u00een Bulgaria. Nemul\u021bumi\u021bii au dat foc la sediul unei misiuni a Uniunii Europene la Sofia VIDEO"},"content":{"rendered":"<p>Sus\u021bin\u0103tori \u0219i membri ai partidului Vazrazhdane (n. red. \u2013 Rena\u0219terea), o forma\u021biune anti-globalist\u0103 \u0219i ani-progresist\u0103, \u0219i conservatoare, au incendiat inclusiv u\u0219a cl\u0103dirii reprezentan\u021bei europene la Sofia. Cl\u0103direa a fost lovit\u0103 cu pungi cu vopsea ro\u0219ie, cu ou\u0103 \u0219i cu grenade cu fum.<\/p>\n<p>La fa\u021ba locului au fost aduse ambulan\u021be \u0219i ma\u0219ini de pompieri, iar la ora 14:00 au fost adu\u0219i \u0219i jandarmi la interven\u021bie.<\/p>\n<p>Bulgaria: Protesters against the introduction of the euro in Bulgaria by the &#8222;Vazrazhdane&#8221; party poured red paint and set fire to the entrance to the building of the European Commission&#8217;s representation in Sofia.Video: \u041d\u0438\u043a\u043e\u043b\u0430\u0439 \u0413\u0435\u043e\u0440\u0433\u0438\u0435\u0432\/Facebook <a href=\"https:\/\/t.co\/pS3C87F3kb\">pic.twitter.com\/pS3C87F3kb<\/a><\/p>\n<p>\u2014 \u041a\u0430\u043b\u0435\u043d\u0434\u0430\u0440 News (@KalendarNews) <a href=\"https:\/\/twitter.com\/KalendarNews\/status\/1893300080620306812?ref_src=twsrc%5Etfw\">February 22, 2025<\/a><\/p>\n<p>Partidul extremist \u00een cauz\u0103 e un fervent adversar al ader\u0103rii Bulgariei la zona euro. Lunea trecut\u0103, membrii \u0219i sus\u021bin\u0103torii s\u0103i au \u00eencercat s\u0103 intre for\u021bat \u00een cl\u0103direa B\u0103ncii Na\u021bionale Bulgare \u0219i s\u0103-l ia la \u00eentreb\u0103ri pe guvernatorul acesteia.<\/p>\n<p>Guvernul bulgar renun\u021base la obiectivul ader\u0103rii la euro<\/p>\n<p>Guvernul bulgar abandonase planul de a adera la zona euro pe 1 ianuarie 2026, dup\u0103 ce ministra de finan\u0163e, Temenuzhka Petkova, a anun\u0163at c\u0103 nu va solicita rapoarte extraordinare de convergen\u0163\u0103 de la Comisia European\u0103 \u015fi Banca Central\u0103 European\u0103.\u00a0Datele publicate recent de Eurostat arat\u0103 c\u0103, \u00een decembrie, rata anual\u0103 a infla\u0163iei \u00een Bulgaria \u00eendeplinea criteriul stabilit \u00een Tratatul de la Maastricht pentru adoptarea euro.<\/p>\n<p>\u00cen ciuda optimismului din trecut \u015fi a declara\u0163iilor privind oportunitatea ader\u0103rii la zona euro, unii parteneri din coali\u0163ia guvernamental\u0103 au fost mult timp reticen\u0163i privind adoptarea rapid\u0103 a euro.\u00a0<\/p>\n<p>Petkova a spus c\u0103 exist\u0103 dificult\u0103\u0163i financiare semnificative, anun\u0163\u00e2nd un deficit de peste 3,6 miliarde de leva \u00een primul trimestru din 2025.<\/p>\n<p>Protest for the preservation of the Bulgarian lev and sovereignty. Ten thousand Bulgarians! Pictures of <a href=\"https:\/\/twitter.com\/EU_Commission?ref_src=twsrc%5Etfw\">@EU_Commission<\/a> building in Bulgaria. Bravo \ud83d\udc4f <a href=\"https:\/\/t.co\/T4kQO04vON\">pic.twitter.com\/T4kQO04vON<\/a><\/p>\n<p>\u2014 Sony Georgiev \ud83c\udde7\ud83c\uddec\ud83e\udd1d\ud83c\uddf7\ud83c\uddfa \u0424.A.V.R. (@GeorgievSony) <a href=\"https:\/\/twitter.com\/GeorgievSony\/status\/1893303407500222683?ref_src=twsrc%5Etfw\">February 22, 2025<\/a><\/p>","protected":false},"excerpt":{"rendered":"<p>Sus\u021bin\u0103tori \u0219i membri ai partidului Vazrazhdane (n. red. \u2013 Rena\u0219terea), o forma\u021biune anti-globalist\u0103 \u0219i ani-progresist\u0103,&hellip;<\/p>\n","protected":false},"author":0,"featured_media":33922,"comment_status":"open","ping_status":"open","sticky":false,"template":"","format":"standard","meta":{"footnotes":""},"categories":[2],"tags":[],"class_list":["post-33952","post","type-post","status-publish","format-standard","has-post-thumbnail","hentry","category-actual"],"_links":{"self":[{"href":"https:\/\/247stiri.ro\/index.php\/wp-json\/wp\/v2\/posts\/33952","targetHints":{"allow":["GET"]}}],"collection":[{"href":"https:\/\/247stiri.ro\/index.php\/wp-json\/wp\/v2\/posts"}],"about":[{"href":"https:\/\/247stiri.ro\/index.php\/wp-json\/wp\/v2\/types\/post"}],"replies":[{"embeddable":true,"href":"https:\/\/247stiri.ro\/index.php\/wp-json\/wp\/v2\/comments?post=33952"}],"version-history":[{"count":0,"href":"https:\/\/247stiri.ro\/index.php\/wp-json\/wp\/v2\/posts\/33952\/revisions"}],"wp:featuredmedia":[{"embeddable":true,"href":"https:\/\/247stiri.ro\/index.php\/wp-json\/wp\/v2\/media\/33922"}],"wp:attachment":[{"href":"https:\/\/247stiri.ro\/index.php\/wp-json\/wp\/v2\/media?parent=33952"}],"wp:term":[{"taxonomy":"category","embeddable":true,"href":"https:\/\/247stiri.ro\/index.php\/wp-json\/wp\/v2\/categories?post=33952"},{"taxonomy":"post_tag","embeddable":true,"href":"https:\/\/247stiri.ro\/index.php\/wp-json\/wp\/v2\/tags?post=33952"}],"curies":[{"name":"wp","href":"https:\/\/api.w.org\/{rel}","templated":true}]}}