{"id":33968,"date":"2025-02-22T17:45:51","date_gmt":"2025-02-22T17:45:51","guid":{"rendered":"https:\/\/247stiri.ro\/index.php\/2025\/02\/22\/un-fugar-francez-periculos-prins-in-romania-la-9-luni-de-la-evadare-video\/"},"modified":"2025-02-22T17:45:51","modified_gmt":"2025-02-22T17:45:51","slug":"un-fugar-francez-periculos-prins-in-romania-la-9-luni-de-la-evadare-video","status":"publish","type":"post","link":"https:\/\/247stiri.ro\/index.php\/2025\/02\/22\/un-fugar-francez-periculos-prins-in-romania-la-9-luni-de-la-evadare-video\/","title":{"rendered":"Un fugar francez periculos, prins \u00een Rom\u00e2nia la 9 luni de la evadare VIDEO"},"content":{"rendered":"<p>\u201dFelicit toate for\u0163ele care au permis arstarea lui Mohamed Amra \u00een Romm\u00e2nia azi (s\u00e2mb\u0103t\u0103)\u201d, scrie pe X ministrul francez de Interne.<\/p>\n<p>Bruno Retailleau mul\u0163ume\u015fte \u201dc\u0103lduros Rom\u00e2niei pentru cooperarea sa decisiv\u0103\u201d.<\/p>\n\n<p>Mohamed Amra, care a evadat \u00een mod spectaculos la peajul de la Incarville, \u00een Eure, \u00een urm\u0103 cu nou\u0103 luni, a fost arestat la ora 15.30 de c\u0103tre poli\u0163i\u015fti rom\u00e2ni \u00een apropierea unui centru comercial, declar\u0103 Le Figaro o surs\u0103 din cadrul poli\u0163iei.<\/p>\n<p>La 14 mai, doi agen\u0163i penitenciari au fost uci\u015fi, iar al\u0163i trei au fost r\u0103ni\u0163i \u00eentr-un atac armat ultrasofisticat asupra unui furgon al Administra\u0163iei Penitenciare franceze.<\/p>\n<p>\u00a0<\/p>\n<p>\u201dVerific\u0103ri sunt \u00een curs\u201d, anun\u0163\u0103 la r\u00e2ndul s\u0103u Parchetul din Paris, care \u00eendeamn\u0103 la pruden\u0163\u0103.<\/p>\n<p>Contactat telefonic de Le Figaro, tat\u0103l lui Arnaud Garcia, unul dintre gardienii \u00eempu\u015fca\u0163i de comandoul extrem de violent care a permis evadarea de\u0163inutului, a salutat aceast\u0103 veste.<\/p>\n<p>\u201dEste o u\u015furare, sunt \u00eenc\u00e2ntat. Am o greutate mai pu\u0163in (pe umeri)\u201d, declar\u0103 el. \u201dAcum urmeaz\u0103 alt\u0103 etap\u0103. Trecem la partea judiciar\u0103, m\u0103rturii, confrun\u0103tri, la tribunal. Aceast\u0103 etap\u0103 va trezi multe amintiri\u201d.<\/p>","protected":false},"excerpt":{"rendered":"<p>\u201dFelicit toate for\u0163ele care au permis arstarea lui Mohamed Amra \u00een Romm\u00e2nia azi (s\u00e2mb\u0103t\u0103)\u201d, scrie&hellip;<\/p>\n","protected":false},"author":0,"featured_media":33962,"comment_status":"open","ping_status":"open","sticky":false,"template":"","format":"standard","meta":{"footnotes":""},"categories":[2],"tags":[],"class_list":["post-33968","post","type-post","status-publish","format-standard","has-post-thumbnail","hentry","category-actual"],"_links":{"self":[{"href":"https:\/\/247stiri.ro\/index.php\/wp-json\/wp\/v2\/posts\/33968","targetHints":{"allow":["GET"]}}],"collection":[{"href":"https:\/\/247stiri.ro\/index.php\/wp-json\/wp\/v2\/posts"}],"about":[{"href":"https:\/\/247stiri.ro\/index.php\/wp-json\/wp\/v2\/types\/post"}],"replies":[{"embeddable":true,"href":"https:\/\/247stiri.ro\/index.php\/wp-json\/wp\/v2\/comments?post=33968"}],"version-history":[{"count":0,"href":"https:\/\/247stiri.ro\/index.php\/wp-json\/wp\/v2\/posts\/33968\/revisions"}],"wp:featuredmedia":[{"embeddable":true,"href":"https:\/\/247stiri.ro\/index.php\/wp-json\/wp\/v2\/media\/33962"}],"wp:attachment":[{"href":"https:\/\/247stiri.ro\/index.php\/wp-json\/wp\/v2\/media?parent=33968"}],"wp:term":[{"taxonomy":"category","embeddable":true,"href":"https:\/\/247stiri.ro\/index.php\/wp-json\/wp\/v2\/categories?post=33968"},{"taxonomy":"post_tag","embeddable":true,"href":"https:\/\/247stiri.ro\/index.php\/wp-json\/wp\/v2\/tags?post=33968"}],"curies":[{"name":"wp","href":"https:\/\/api.w.org\/{rel}","templated":true}]}}