{"id":33969,"date":"2025-02-22T17:45:51","date_gmt":"2025-02-22T17:45:51","guid":{"rendered":"https:\/\/247stiri.ro\/index.php\/2025\/02\/22\/dupa-ce-a-lasat-capitala-in-zapada-nicusor-dan-se-vede-castigator-la-prezidentiale-am-sanse-sa-il-inving-pe-calin-georgescu\/"},"modified":"2025-02-22T17:45:51","modified_gmt":"2025-02-22T17:45:51","slug":"dupa-ce-a-lasat-capitala-in-zapada-nicusor-dan-se-vede-castigator-la-prezidentiale-am-sanse-sa-il-inving-pe-calin-georgescu","status":"publish","type":"post","link":"https:\/\/247stiri.ro\/index.php\/2025\/02\/22\/dupa-ce-a-lasat-capitala-in-zapada-nicusor-dan-se-vede-castigator-la-prezidentiale-am-sanse-sa-il-inving-pe-calin-georgescu\/","title":{"rendered":"Dup\u0103 ce a l\u0103sat capitala \u00een z\u0103pad\u0103, Nicu\u0219or Dan se vede c\u00e2\u0219tig\u0103tor la preziden\u021biale: \u201eAm \u0219anse s\u0103 \u00eel \u00eenving pe C\u0103lin Georgescu\u201d"},"content":{"rendered":"<p>\u201eDac\u0103 m\u0103 \u00eentreba\u021bi, ca analist politic, v\u0103 pot spune c\u0103 depinde foarte mult dac\u0103 domnului C\u0103lin Georgescu i se va valida candidatura sau nu. \u00cen ipoteza \u00een care domniei sale i se va valida candidatura, atunci, conform tuturor sondajelor care exist\u0103 \u00een acest moment, el va intra \u00een turul doi. \u015ei, conform tuturor sondajelor care exist\u0103 \u00een acest moment, contracandidatul s\u0103u din turul doi va fi un politician prooccidental, care \u00een momentul acesta, \u00een ziua de azi, nu poate fi dec\u00e2t Crin Antonescu sau persoana mea. Sunt optimist \u00een primul r\u00e2nd c\u0103 analiza mea este c\u0103 aici nu este vorba de persoana domnului Georgescu, este vorba despre o uria\u0219\u0103 nemul\u021bumire a oamenilor fa\u021b\u0103 de modul \u00een care s-a f\u0103cut politic\u0103 p\u00e2n\u0103 acum\u201d, a declarat Nicu\u0219or Dan.<\/p>\n<p>Candidatul independent la alegerile preziden\u021biale, Nicu\u0219or Dan, a precizat c\u0103 mesajul pe care \u00eel va transmite \u00een aceast\u0103 campanie electoral\u0103 va fi unul simplu: \u201eschimbare \u0219i Occident\u201d.\u201eTrebuie s\u0103 \u00een\u021belegem ce au transmis rom\u00e2nii \u00een 24 noiembrie \u0219i 1 decembrie, a fost un mesaj care, \u00een pu\u021bine cuvinte, \u00eenseamn\u0103 &#8222;nu se mai poate cum a fost p\u00e2n\u0103 acum&#8221;. Cred c\u0103 fiecare dintre candida\u021bi \u00eencearc\u0103 s\u0103 se adapteze acestui mesaj. Din perspectiva mea, o s\u0103 \u00eencerc s\u0103 transmit acest mesaj foarte simplu: schimbare \u0219i Occident, nu o s\u0103 atac pe ceilal\u021bi, cred c\u0103 deja exist\u0103 foarte mult\u0103 tensiune \u00een societate \u0219i c\u0103 oamenii nu vor \u00eenc\u0103 un scandal fa\u021b\u0103 de cele pe care le-au v\u0103zut deja. M\u0103 a\u0219tept ca \u00een turul doi s\u0103 fie o confruntare \u00eentre o viziune prooccidental\u0103 \u0219i o viziune antioccidental\u0103\u201d, a mai afirmat Nicu\u0219or Dan.<\/p>","protected":false},"excerpt":{"rendered":"<p>\u201eDac\u0103 m\u0103 \u00eentreba\u021bi, ca analist politic, v\u0103 pot spune c\u0103 depinde foarte mult dac\u0103 domnului&hellip;<\/p>\n","protected":false},"author":0,"featured_media":33964,"comment_status":"open","ping_status":"open","sticky":false,"template":"","format":"standard","meta":{"footnotes":""},"categories":[2],"tags":[],"class_list":["post-33969","post","type-post","status-publish","format-standard","has-post-thumbnail","hentry","category-actual"],"_links":{"self":[{"href":"https:\/\/247stiri.ro\/index.php\/wp-json\/wp\/v2\/posts\/33969","targetHints":{"allow":["GET"]}}],"collection":[{"href":"https:\/\/247stiri.ro\/index.php\/wp-json\/wp\/v2\/posts"}],"about":[{"href":"https:\/\/247stiri.ro\/index.php\/wp-json\/wp\/v2\/types\/post"}],"replies":[{"embeddable":true,"href":"https:\/\/247stiri.ro\/index.php\/wp-json\/wp\/v2\/comments?post=33969"}],"version-history":[{"count":0,"href":"https:\/\/247stiri.ro\/index.php\/wp-json\/wp\/v2\/posts\/33969\/revisions"}],"wp:featuredmedia":[{"embeddable":true,"href":"https:\/\/247stiri.ro\/index.php\/wp-json\/wp\/v2\/media\/33964"}],"wp:attachment":[{"href":"https:\/\/247stiri.ro\/index.php\/wp-json\/wp\/v2\/media?parent=33969"}],"wp:term":[{"taxonomy":"category","embeddable":true,"href":"https:\/\/247stiri.ro\/index.php\/wp-json\/wp\/v2\/categories?post=33969"},{"taxonomy":"post_tag","embeddable":true,"href":"https:\/\/247stiri.ro\/index.php\/wp-json\/wp\/v2\/tags?post=33969"}],"curies":[{"name":"wp","href":"https:\/\/api.w.org\/{rel}","templated":true}]}}