{"id":3398,"date":"2024-10-31T13:48:32","date_gmt":"2024-10-31T13:48:32","guid":{"rendered":"https:\/\/247stiri.ro\/index.php\/2024\/10\/31\/doliu-in-lumea-mondena-un-make-up-artist-a-pierdut-lupta-cu-o-boala-cumplita-iar-o-fetita-a-ramas-orfana-de-mama\/"},"modified":"2024-10-31T13:48:32","modified_gmt":"2024-10-31T13:48:32","slug":"doliu-in-lumea-mondena-un-make-up-artist-a-pierdut-lupta-cu-o-boala-cumplita-iar-o-fetita-a-ramas-orfana-de-mama","status":"publish","type":"post","link":"https:\/\/247stiri.ro\/index.php\/2024\/10\/31\/doliu-in-lumea-mondena-un-make-up-artist-a-pierdut-lupta-cu-o-boala-cumplita-iar-o-fetita-a-ramas-orfana-de-mama\/","title":{"rendered":"Doliu \u00een lumea monden\u0103. Un make-up artist a pierdut lupta cu o boal\u0103 cumplit\u0103, iar o feti\u021b\u0103 a r\u0103mas orfan\u0103 de mam\u0103"},"content":{"rendered":"<p>Mirela Petcu Ecobici, make-up artist cunoscut, a pierdut lupta cu cancerul<\/p>\n<p>Diagnosticat\u0103 \u00een 2023, Mirela a luptat din r\u0103sputeri \u00eempotriva bolii, vis\u00e2nd s\u0103 \u00ee\u0219i vad\u0103 fiica cresc\u00e2nd \u0219i s\u0103 r\u0103m\u00e2n\u0103 al\u0103turi de familia sa. Chiar \u0219i \u00een momentele cele mai grele, Mirela a r\u0103mas puternic\u0103, \u00eencerc\u00e2nd s\u0103 g\u0103seasc\u0103 speran\u021b\u0103 \u00een fiecare zi. \u201eDragilor, Mirela a plecat s\u0103 picteze cu \u00eengerii! S-a bucurat mult \u0219tiind c\u00e2t de mult\u0103 lume se roag\u0103 pentru ea&#8230; A luptat p\u00e2n\u0103 la final cu o for\u021b\u0103 imens\u0103,\u201d a scris \u0218tefan \u00een mesajul s\u0103u, subliniind for\u021ba de caracter a so\u021biei sale.<\/p>\n<p>Femeia avea 34 de ani \u0219i o familie frumoas\u0103.<\/p>\n<p>Ultimul mesaj al Mirelei pe aceast\u0103 lume<\/p>\n<p><a href=\"https:\/\/www.realitatea.net\/stiri\/actual\/durere-fara-margini-ultimul-mesaj-transmis-de-anca-molnar-inainte-cu-o-zi-de-a-muri-te-rog-sa-mai-rezisti-putin-maine-sunt-ca-noua_666837273b9c2b14af7767ea\" target=\"_blank\" rel=\"noopener\">Pe parcursul luptei sale<\/a>, Mirela a \u00eemp\u0103rt\u0103\u0219it c\u00e2teva g\u00e2nduri \u0219i rug\u0103min\u021bi sincere pe re\u021belele sociale, fiind sincer\u0103 fa\u021b\u0103 de cei care o urm\u0103reau \u0219i o sus\u021bineau. \u00centr-un mesaj emo\u021bionant din 2023, ea m\u0103rturisea c\u0103, de\u0219i primea tratamente avansate \u00een Marea Britanie, starea ei se deteriora constant. \u201eDragii mei, am nevoie mai mult ca oric\u00e2nd sa va ruga\u021bi pentru mine. Sa ma ajuta\u021bi sa urce la slava cerului ruga mea de vindecare. In iulie 2023 am fost diagnosticata cu cancer si dup\u0103 o opera\u021bie grea si multe investiga\u021bii a venit cruntul r\u0103spuns ca este stadiu terminal si am mai pu\u021bin de un an de tr\u0103it. Nu pot accepta sa nu \u00eemi vad fata cresc\u00e2nd, sa nu mai fiu l\u00e2ng\u0103 familia mea, ce am eu mai scump pe lume. Cu toate ca aici in UK am acces gratuit la tratament bun, corpul meu este prea fragil si nu \u00eel pot duce la cap\u0103t. Cad mereu la pat foarte grav. Dar fac ce pot. Mai presus de tot si toate este bunul Dumnezeu care sper sa \u00eemi asculte ruga si sa vad\u0103 lacrimile fierbin\u021bi,\u201d scria Mirela, rug\u00e2ndu-i pe cei apropia\u021bi s\u0103 se roage pentru ea.<\/p>\n<p>O pierdere ce vine la scurt timp dup\u0103 decesul Anc\u0103i Molnar, make-up artist\u0103 a vedetelor<\/p>\n<p>Moartea Mirelei a adus un ecou trist, la doar patru luni dup\u0103 ce o alt\u0103 profesionist\u0103 cunoscut\u0103 \u00een lumea make-up-ului, Anca Molnar, a pierdut aceea\u0219i lupt\u0103. La v\u00e2rsta de 34 de ani, Anca Molnar a l\u0103sat un mesaj profund \u00een care \u00eei \u00eendemna pe cei apropia\u021bi s\u0103 tr\u0103iasc\u0103 fiecare zi la maximum, exprim\u00e2ndu-\u0219i recuno\u0219tin\u021ba pentru via\u021ba pe care a avut-o. \u201eAm venit, am tr\u0103it frumos \u0219i am plecat spre o alt\u0103 lume. V\u0103 las \u00een suflet mul\u021bumirea pentru c\u00e2t de frumoas\u0103 mi-a fost via\u021ba,\u201d a scris ea, \u00eentr-un mesaj de r\u0103mas-bun.<\/p>\n<p>Pierderea Mirelei Petcu Ecobici marcheaz\u0103<a href=\"https:\/\/www.realitatea.net\/stiri\/actual\/detalii-socante-in-cazul-makeup-artistei-lovite-cu-ciocanul-in-cap-femeia-ar-putea-ramane-cu-sechele-grave-interventia-pe-creier-a-durat-9-ore_648447999e217f17630f4ed6\" target=\"_blank\" rel=\"noopener\"> o mare triste\u021be pentru familie<\/a>, prieteni \u0219i comunitatea de make-up, l\u0103s\u00e2nd o amprent\u0103 puternic\u0103 \u00een inimile celor care au cunoscut-o \u0219i au sus\u021binut-o \u00een timpul luptei sale.<\/p>","protected":false},"excerpt":{"rendered":"<p>Mirela Petcu Ecobici, make-up artist cunoscut, a pierdut lupta cu cancerul Diagnosticat\u0103 \u00een 2023, Mirela&hellip;<\/p>\n","protected":false},"author":0,"featured_media":3387,"comment_status":"open","ping_status":"open","sticky":false,"template":"","format":"standard","meta":{"footnotes":""},"categories":[2],"tags":[],"class_list":["post-3398","post","type-post","status-publish","format-standard","has-post-thumbnail","hentry","category-actual"],"_links":{"self":[{"href":"https:\/\/247stiri.ro\/index.php\/wp-json\/wp\/v2\/posts\/3398","targetHints":{"allow":["GET"]}}],"collection":[{"href":"https:\/\/247stiri.ro\/index.php\/wp-json\/wp\/v2\/posts"}],"about":[{"href":"https:\/\/247stiri.ro\/index.php\/wp-json\/wp\/v2\/types\/post"}],"replies":[{"embeddable":true,"href":"https:\/\/247stiri.ro\/index.php\/wp-json\/wp\/v2\/comments?post=3398"}],"version-history":[{"count":0,"href":"https:\/\/247stiri.ro\/index.php\/wp-json\/wp\/v2\/posts\/3398\/revisions"}],"wp:featuredmedia":[{"embeddable":true,"href":"https:\/\/247stiri.ro\/index.php\/wp-json\/wp\/v2\/media\/3387"}],"wp:attachment":[{"href":"https:\/\/247stiri.ro\/index.php\/wp-json\/wp\/v2\/media?parent=3398"}],"wp:term":[{"taxonomy":"category","embeddable":true,"href":"https:\/\/247stiri.ro\/index.php\/wp-json\/wp\/v2\/categories?post=3398"},{"taxonomy":"post_tag","embeddable":true,"href":"https:\/\/247stiri.ro\/index.php\/wp-json\/wp\/v2\/tags?post=3398"}],"curies":[{"name":"wp","href":"https:\/\/api.w.org\/{rel}","templated":true}]}}