{"id":33980,"date":"2025-02-22T18:50:37","date_gmt":"2025-02-22T18:50:37","guid":{"rendered":"https:\/\/247stiri.ro\/index.php\/2025\/02\/22\/papa-francisc-este-in-stare-critica-anuntul-de-ultim-moment-al-vaticanului\/"},"modified":"2025-02-22T18:50:37","modified_gmt":"2025-02-22T18:50:37","slug":"papa-francisc-este-in-stare-critica-anuntul-de-ultim-moment-al-vaticanului","status":"publish","type":"post","link":"https:\/\/247stiri.ro\/index.php\/2025\/02\/22\/papa-francisc-este-in-stare-critica-anuntul-de-ultim-moment-al-vaticanului\/","title":{"rendered":"Papa Francisc este \u00een stare critic\u0103. Anun\u021bul de ultim moment al Vaticanului"},"content":{"rendered":"<p>Potrivit reprezentan\u021bilor Sf\u00e2ntului Scaun, Papa Francisc, \u00een v\u00e2rst\u0103 de 88 de ani, care a fost internat \u00een urm\u0103 cu o s\u0103pt\u0103m\u00e2n\u0103 cu o infec\u021bie pulmonar\u0103 complex\u0103, a primit \u0219i transfuzii de s\u00e2nge dup\u0103 ce testele au ar\u0103tat o afec\u021biune asociat\u0103 cu anemia.<\/p>\n<p>\u201eSf\u00e2ntul P\u0103rinte continu\u0103 s\u0103 fie vigilent \u0219i \u0219i-a petrecut ziua \u00eentr-un fotoliu, de\u0219i sufer\u0103 mai mult dec\u00e2t ieri. Momentan prognosticul este rezervat\u201d, se arat\u0103 \u00eentr-un comunicat transmis de Vatican.\u00a0<\/p>\n<p>Anterior, medicii au transmis c\u0103 Papa Francisc se lupt\u0103 cu o pneumonie puternic\u0103 \u0219i cu o infec\u021bie respiratorie complex\u0103 care \u00eel va mai \u021bine spitalizat o bun\u0103 perioad\u0103.<\/p>\n<p>\u00centr-o actualizare scurt\u0103 de s\u00e2mb\u0103t\u0103 diminea\u021b\u0103, Vaticanul a transmis c\u0103 Papa a \u201edormit bine\u201d peste noapte.<\/p>\n<p>Doctorii au avertizat, \u00eens\u0103, c\u0103 principala amenin\u021bare pentru via\u021ba Papei este apari\u021bia septicemiei, o infec\u021bie extrem de grav\u0103 a s\u00e2ngelui care poate s\u0103 apar\u0103 ca o complica\u021bie a pneumoniei.<\/p>\n<p>De vineri, \u00eens\u0103, medicii nu au observat \u00eenc\u0103 vreo posibilitate de septicemie, iar organismul Papei a reac\u021bionat pozitiv la medicamente.<\/p>\n<p>Papa Francisc a fost internat la spitalul Gemelli pe 14 februarie, dup\u0103 ce bron\u0219ita de care suferea s-a agravat.<\/p>","protected":false},"excerpt":{"rendered":"<p>Potrivit reprezentan\u021bilor Sf\u00e2ntului Scaun, Papa Francisc, \u00een v\u00e2rst\u0103 de 88 de ani, care a fost&hellip;<\/p>\n","protected":false},"author":0,"featured_media":33971,"comment_status":"open","ping_status":"open","sticky":false,"template":"","format":"standard","meta":{"footnotes":""},"categories":[2],"tags":[],"class_list":["post-33980","post","type-post","status-publish","format-standard","has-post-thumbnail","hentry","category-actual"],"_links":{"self":[{"href":"https:\/\/247stiri.ro\/index.php\/wp-json\/wp\/v2\/posts\/33980","targetHints":{"allow":["GET"]}}],"collection":[{"href":"https:\/\/247stiri.ro\/index.php\/wp-json\/wp\/v2\/posts"}],"about":[{"href":"https:\/\/247stiri.ro\/index.php\/wp-json\/wp\/v2\/types\/post"}],"replies":[{"embeddable":true,"href":"https:\/\/247stiri.ro\/index.php\/wp-json\/wp\/v2\/comments?post=33980"}],"version-history":[{"count":0,"href":"https:\/\/247stiri.ro\/index.php\/wp-json\/wp\/v2\/posts\/33980\/revisions"}],"wp:featuredmedia":[{"embeddable":true,"href":"https:\/\/247stiri.ro\/index.php\/wp-json\/wp\/v2\/media\/33971"}],"wp:attachment":[{"href":"https:\/\/247stiri.ro\/index.php\/wp-json\/wp\/v2\/media?parent=33980"}],"wp:term":[{"taxonomy":"category","embeddable":true,"href":"https:\/\/247stiri.ro\/index.php\/wp-json\/wp\/v2\/categories?post=33980"},{"taxonomy":"post_tag","embeddable":true,"href":"https:\/\/247stiri.ro\/index.php\/wp-json\/wp\/v2\/tags?post=33980"}],"curies":[{"name":"wp","href":"https:\/\/api.w.org\/{rel}","templated":true}]}}