{"id":33981,"date":"2025-02-22T18:50:37","date_gmt":"2025-02-22T18:50:37","guid":{"rendered":"https:\/\/247stiri.ro\/index.php\/2025\/02\/22\/atac-cu-cutitul-in-estul-frantei-soldat-cu-un-mort-si-doi-politisti-raniti-autorul-faptei-era-pe-lista-de-risc-terorist\/"},"modified":"2025-02-22T18:50:37","modified_gmt":"2025-02-22T18:50:37","slug":"atac-cu-cutitul-in-estul-frantei-soldat-cu-un-mort-si-doi-politisti-raniti-autorul-faptei-era-pe-lista-de-risc-terorist","status":"publish","type":"post","link":"https:\/\/247stiri.ro\/index.php\/2025\/02\/22\/atac-cu-cutitul-in-estul-frantei-soldat-cu-un-mort-si-doi-politisti-raniti-autorul-faptei-era-pe-lista-de-risc-terorist\/","title":{"rendered":"Atac cu cu\u021bitul \u00een estul Fran\u021bei, soldat cu un mort \u0219i doi poli\u021bi\u0219ti r\u0103ni\u021bi. Autorul faptei era pe lista de risc terorist"},"content":{"rendered":"<p>Incidentul a avut loc \u00een jurul orei 16:00 (15:00 GMT), \u00een apropierea unei demonstra\u021bii de sus\u021binere pentru Republica Democrat\u0103 Congo, afectat\u0103 de ofensiva grup\u0103rii armate M23, sus\u021binut\u0103 de Rwanda.<\/p>\n<p>Surse sindicale din poli\u0163ie spun c\u0103 autorul atacului are 37 de ani, este n\u0103scut \u00een Algeria \u0219i se afla sub control judiciar, fiind plasat \u00een arest la domiciliu. Potrivit acelora\u0219i surse, acesta este vizat de o obliga\u0163ie de a nu pr\u0103si teriroriul francez (OQTF).<\/p>\n<p>\u201eSuspectul se afl\u0103 \u00een dosarul de prelucrare a datelor pentru prevenirea radicaliz\u0103rii cu caracter terorist\u201d, a declarat procurorul Nicolas Heitz, care s-a deplasat la fa\u021ba locului.<\/p>\n<p>Din nefericire, \u00een atac o persoan\u0103 a murit \u0219i au fost r\u0103ni\u021bi doi poli\u021bi\u0219ti municipali, unul suferind o ran\u0103 grav\u0103 la carotid\u0103, iar cel\u0103lalt fiind lovit \u00een zona toracic\u0103. Alte trei persoane ar fi fost r\u0103nite mai u\u0219or, conform declara\u021biilor oficiale.<\/p>\n<p>La fa\u021ba locului, este a\u0219teptat ministrul de Interne, Bruno Retaileau, iar primarul ora\u0219ului, Mich\u00e8le Lutz, a condamnat atacul printr-un mesaj pe Facebook.<\/p>\n<p>\u201eOroarea tocmai a cuprins ora\u0219ul nostru\u201d, a scris Mich\u00e8le Lutz.\u00a0<\/p>\n<p>La r\u00e2ndul s\u0103u, pre\u015fedintele francez Emmanuel Macron a evocat un \u201eact de terorism\u201d \u201dislamist\u201d \u201ecare nu ridic\u0103 nicio \u00eendoial\u0103\u201d \u00een urma unui atac cu cu\u0163itul la Mulhouse, soldat cu un mort, \u015fi \u0219i-a exprimat \u201esolidaritatea cu \u00eentreaga na\u0163iune\u201d, relateaz\u0103 AFP.<\/p>","protected":false},"excerpt":{"rendered":"<p>Incidentul a avut loc \u00een jurul orei 16:00 (15:00 GMT), \u00een apropierea unei demonstra\u021bii de&hellip;<\/p>\n","protected":false},"author":0,"featured_media":33973,"comment_status":"open","ping_status":"open","sticky":false,"template":"","format":"standard","meta":{"footnotes":""},"categories":[2],"tags":[],"class_list":["post-33981","post","type-post","status-publish","format-standard","has-post-thumbnail","hentry","category-actual"],"_links":{"self":[{"href":"https:\/\/247stiri.ro\/index.php\/wp-json\/wp\/v2\/posts\/33981","targetHints":{"allow":["GET"]}}],"collection":[{"href":"https:\/\/247stiri.ro\/index.php\/wp-json\/wp\/v2\/posts"}],"about":[{"href":"https:\/\/247stiri.ro\/index.php\/wp-json\/wp\/v2\/types\/post"}],"replies":[{"embeddable":true,"href":"https:\/\/247stiri.ro\/index.php\/wp-json\/wp\/v2\/comments?post=33981"}],"version-history":[{"count":0,"href":"https:\/\/247stiri.ro\/index.php\/wp-json\/wp\/v2\/posts\/33981\/revisions"}],"wp:featuredmedia":[{"embeddable":true,"href":"https:\/\/247stiri.ro\/index.php\/wp-json\/wp\/v2\/media\/33973"}],"wp:attachment":[{"href":"https:\/\/247stiri.ro\/index.php\/wp-json\/wp\/v2\/media?parent=33981"}],"wp:term":[{"taxonomy":"category","embeddable":true,"href":"https:\/\/247stiri.ro\/index.php\/wp-json\/wp\/v2\/categories?post=33981"},{"taxonomy":"post_tag","embeddable":true,"href":"https:\/\/247stiri.ro\/index.php\/wp-json\/wp\/v2\/tags?post=33981"}],"curies":[{"name":"wp","href":"https:\/\/api.w.org\/{rel}","templated":true}]}}