{"id":33982,"date":"2025-02-22T18:50:37","date_gmt":"2025-02-22T18:50:37","guid":{"rendered":"https:\/\/247stiri.ro\/index.php\/2025\/02\/22\/papa-francisc-ramane-internat-in-spital-si-saptamana-viitoare-nu-este-in-afara-pericolului\/"},"modified":"2025-02-22T18:50:37","modified_gmt":"2025-02-22T18:50:37","slug":"papa-francisc-ramane-internat-in-spital-si-saptamana-viitoare-nu-este-in-afara-pericolului","status":"publish","type":"post","link":"https:\/\/247stiri.ro\/index.php\/2025\/02\/22\/papa-francisc-ramane-internat-in-spital-si-saptamana-viitoare-nu-este-in-afara-pericolului\/","title":{"rendered":"Papa Francisc r\u0103m\u00e2ne internat \u00een spital \u0219i s\u0103pt\u0103m\u00e2na viitoare. \u201dNu este \u00een afara pericolului\u201d"},"content":{"rendered":"<p>Spitalizat de opt zile din cauza unei pneumonii, <a href=\"https:\/\/www.realitatea.net\/stiri\/actual\/instructiuni-clare-unde-si-cum-va-fi-inmormantat-papa-francisc_67b8e91fc4a4c1731c4b5533\" target=\"_blank\">Papa<\/a> nu se afl\u0103 \u00een pericol de moarte, \u00eens\u0103 nu s-a vindecat complet \u0219i de aceea medicii vor s\u0103 \u00eel \u021bin\u0103 sub observa\u021bie.\u00a0<\/p>\n<p>\u201dEste Papa \u00een afara pericolului? Nu, Papa nu este \u00een afara pericolului\u201d, a declarat profesorul Sergio Alfieri, vineri sear\u0103.\u00a0<\/p>\n<p>De asemena, medicul a ad\u0103ugat c\u0103 \u201dadev\u0103ratul risc \u00een aceste cazuri este ca germeni s\u0103 treac\u0103 \u00een s\u00e2nge\u201d \u015fi s\u0103 provoace astfel o septicemie care poate fi mortal\u0103.\u00a0<\/p>\n<p>Potrivit lui, acesta este motivul pentru care, \u201ddin pruden\u0163\u0103\u201d, chiar dac\u0103 este \u201du\u015for mai bine\u201d \u015fi nu este conectat la niciun aparat, este mai bine s\u0103 r\u0103m\u00e2n\u0103 \u00een spital \u201dcel pu\u0163in toat\u0103 s\u0103pt\u0103m\u00e2na viitroare\u201d.<\/p>\n<p>\u201dEste nevoie de zile, chiar de s\u0103pt\u0103m\u00e2ni, pentru a vedea eficien\u0163a (&#8230;) terapiilor pe care le folosim\u201d, a mai spus doctorul Sergio Alfieri.<\/p>\n<p>Vaticanul a anun\u021bat c\u0103 \u0219eful Bisericii Catolice \u00eei prime\u015fte la spital pe cei mai apropia\u0163i colaboratori ai s\u0103i, cite\u015fte, semneaz\u0103 documente \u015fi d\u0103 telefoane.<\/p>\n<p>V\u0103 reamintim c\u0103 Papa Francisc a fost spitalizat pe data de 14 februarie, ini\u0163ial din cauza unei bron\u015fite, \u00eens\u0103 Sf\u00e2ntul Scaun a dezv\u0103luit mar\u0163i c\u0103 a f\u0103cut o pneumonie la ambii pl\u0103m\u00e2ni, o infec\u0163ie a \u0163esutului pulmonar, poten\u0163ial mortal\u0103.<\/p>\n<p>Aceast\u0103 spitalizare, a patra din 2021 \u0219i p\u00e2n\u0103 acum, provoac\u0103 \u00eengrijor\u0103ri puternice, \u00een contextul \u00een care Papa a fost sl\u0103bit de o serie de probleme de s\u0103n\u0103tate \u00een ultimii ani, de la opera\u0163ii la colon \u015fi abdomen p\u00e2n\u0103 la dificult\u0103\u0163i de mers.<\/p>","protected":false},"excerpt":{"rendered":"<p>Spitalizat de opt zile din cauza unei pneumonii, Papa nu se afl\u0103 \u00een pericol de&hellip;<\/p>\n","protected":false},"author":0,"featured_media":33975,"comment_status":"open","ping_status":"open","sticky":false,"template":"","format":"standard","meta":{"footnotes":""},"categories":[2],"tags":[],"class_list":["post-33982","post","type-post","status-publish","format-standard","has-post-thumbnail","hentry","category-actual"],"_links":{"self":[{"href":"https:\/\/247stiri.ro\/index.php\/wp-json\/wp\/v2\/posts\/33982","targetHints":{"allow":["GET"]}}],"collection":[{"href":"https:\/\/247stiri.ro\/index.php\/wp-json\/wp\/v2\/posts"}],"about":[{"href":"https:\/\/247stiri.ro\/index.php\/wp-json\/wp\/v2\/types\/post"}],"replies":[{"embeddable":true,"href":"https:\/\/247stiri.ro\/index.php\/wp-json\/wp\/v2\/comments?post=33982"}],"version-history":[{"count":0,"href":"https:\/\/247stiri.ro\/index.php\/wp-json\/wp\/v2\/posts\/33982\/revisions"}],"wp:featuredmedia":[{"embeddable":true,"href":"https:\/\/247stiri.ro\/index.php\/wp-json\/wp\/v2\/media\/33975"}],"wp:attachment":[{"href":"https:\/\/247stiri.ro\/index.php\/wp-json\/wp\/v2\/media?parent=33982"}],"wp:term":[{"taxonomy":"category","embeddable":true,"href":"https:\/\/247stiri.ro\/index.php\/wp-json\/wp\/v2\/categories?post=33982"},{"taxonomy":"post_tag","embeddable":true,"href":"https:\/\/247stiri.ro\/index.php\/wp-json\/wp\/v2\/tags?post=33982"}],"curies":[{"name":"wp","href":"https:\/\/api.w.org\/{rel}","templated":true}]}}