{"id":33983,"date":"2025-02-22T18:50:37","date_gmt":"2025-02-22T18:50:37","guid":{"rendered":"https:\/\/247stiri.ro\/index.php\/2025\/02\/22\/sistemul-sorosist-incearca-sa-l-saboteze-pe-presedintele-ales-cu-orice-pret-un-sef-de-partid-minte-ca-ar-fi-vorbit-cu-calin-georgescu-video\/"},"modified":"2025-02-22T18:50:37","modified_gmt":"2025-02-22T18:50:37","slug":"sistemul-sorosist-incearca-sa-l-saboteze-pe-presedintele-ales-cu-orice-pret-un-sef-de-partid-minte-ca-ar-fi-vorbit-cu-calin-georgescu-video","status":"publish","type":"post","link":"https:\/\/247stiri.ro\/index.php\/2025\/02\/22\/sistemul-sorosist-incearca-sa-l-saboteze-pe-presedintele-ales-cu-orice-pret-un-sef-de-partid-minte-ca-ar-fi-vorbit-cu-calin-georgescu-video\/","title":{"rendered":"Sistemul sorosist \u00eencearc\u0103 s\u0103-l saboteze pe pre\u0219edintele ales cu orice pre\u021b. Un \u0219ef de partid MINTE c\u0103 ar fi vorbit cu C\u0103lin Georgescu VIDEO"},"content":{"rendered":"<p>\u201eDomnule Sebastian Popescu, regret faptul c\u0103 a\u021bi \u00eenceput s\u0103 auzi\u021bi &#8222;voci&#8221;. Este un semn grav! Cu at\u00e2t mai grav dac\u0103 a\u021bi auzit vocea mea a\u0219a cum, tulburat, spune\u021bi c\u0103 s-a \u00eent\u00e2mplat. Cred c\u0103 este \u0219ocant ce a\u021bi auzit dac\u0103 a\u021bi f\u0103cut acest video. Vreau s\u0103 cred c\u0103 a\u021bi f\u0103cut o confuzie \u0219i de fapt \u0219i dvs. a\u021bi fost contactat de organele abuzive de cercetare penal\u0103 ca s\u0103 explica\u021bi cum a\u021bi f\u0103cut campanie cu buget zero, a\u0219a cum a\u021bi declarat c\u0103tre AEP. Diferen\u021ba dintre noi este c\u0103 dvs. a\u021bi folosit at\u00e2t ma\u0219in\u0103 c\u00e2t \u0219i paz\u0103 de la SPP afect\u00e2nd astfel bugetul de stat.Sta\u021bi lini\u0219tit, urm\u0103rirea abuziv\u0103 de c\u0103tre sistemul corupt se aplic\u0103 doar celor drep\u021bi care m-au sus\u021binut pe mine, nu \u0219i pentru dvs. care a\u021bi fost sus\u021binut de sistemul opresiv.V\u0103 rog, nu mai asculta\u021bi ce v\u0103 spune sistemul, de aceea confunda\u021bi vocile st\u0103p\u00e2nilor dvs. cu vocea mea care mereu va exprima doar cuv\u00e2ntul LIBERTATE. \u0218tiu, poate p\u0103rea terifiant, dar s\u0103 \u0219ti\u021bi c\u0103 doar \u00een LIBERTATE exist\u0103 fericire \u0219i sper s\u0103 ave\u021bi c\u00e2ndva parte de ea!\u201d, scrie C\u0103lin Georgescu.<\/p>\n<p>\u00a0<\/p>","protected":false},"excerpt":{"rendered":"<p>\u201eDomnule Sebastian Popescu, regret faptul c\u0103 a\u021bi \u00eenceput s\u0103 auzi\u021bi &#8222;voci&#8221;. Este un semn grav!&hellip;<\/p>\n","protected":false},"author":0,"featured_media":33977,"comment_status":"open","ping_status":"open","sticky":false,"template":"","format":"standard","meta":{"footnotes":""},"categories":[2],"tags":[],"class_list":["post-33983","post","type-post","status-publish","format-standard","has-post-thumbnail","hentry","category-actual"],"_links":{"self":[{"href":"https:\/\/247stiri.ro\/index.php\/wp-json\/wp\/v2\/posts\/33983","targetHints":{"allow":["GET"]}}],"collection":[{"href":"https:\/\/247stiri.ro\/index.php\/wp-json\/wp\/v2\/posts"}],"about":[{"href":"https:\/\/247stiri.ro\/index.php\/wp-json\/wp\/v2\/types\/post"}],"replies":[{"embeddable":true,"href":"https:\/\/247stiri.ro\/index.php\/wp-json\/wp\/v2\/comments?post=33983"}],"version-history":[{"count":0,"href":"https:\/\/247stiri.ro\/index.php\/wp-json\/wp\/v2\/posts\/33983\/revisions"}],"wp:featuredmedia":[{"embeddable":true,"href":"https:\/\/247stiri.ro\/index.php\/wp-json\/wp\/v2\/media\/33977"}],"wp:attachment":[{"href":"https:\/\/247stiri.ro\/index.php\/wp-json\/wp\/v2\/media?parent=33983"}],"wp:term":[{"taxonomy":"category","embeddable":true,"href":"https:\/\/247stiri.ro\/index.php\/wp-json\/wp\/v2\/categories?post=33983"},{"taxonomy":"post_tag","embeddable":true,"href":"https:\/\/247stiri.ro\/index.php\/wp-json\/wp\/v2\/tags?post=33983"}],"curies":[{"name":"wp","href":"https:\/\/api.w.org\/{rel}","templated":true}]}}