{"id":33996,"date":"2025-02-22T20:44:51","date_gmt":"2025-02-22T20:44:51","guid":{"rendered":"https:\/\/247stiri.ro\/index.php\/2025\/02\/22\/accident-tragic-in-iasi-un-adolescent-a-murit-iar-alte-trei-persoane-au-fost-ranite\/"},"modified":"2025-02-22T20:44:51","modified_gmt":"2025-02-22T20:44:51","slug":"accident-tragic-in-iasi-un-adolescent-a-murit-iar-alte-trei-persoane-au-fost-ranite","status":"publish","type":"post","link":"https:\/\/247stiri.ro\/index.php\/2025\/02\/22\/accident-tragic-in-iasi-un-adolescent-a-murit-iar-alte-trei-persoane-au-fost-ranite\/","title":{"rendered":"Accident tragic \u00een Ia\u0219i. Un adolescent a murit, iar alte trei persoane au fost r\u0103nite"},"content":{"rendered":"<p>Incidentul s-a petrecut s\u00e2mb\u0103t\u0103, \u00een localitatea Carlig, \u00a0comuna Popricani, jude\u0163ul Ia\u015fi, dup\u0103 ce \u0219oferul, un b\u0103rbat \u00een v\u00e2rst\u0103 de 40 de ani, a pierdut controlul volanului \u0219i a intrat pe contrasens, dup\u0103 care s-a izbit de capul de pod \u0219i s-a r\u0103sturnat.\u00a0<\/p>\n<p>\u201d\u00cen data de 22 februarie a. c., \u00een jurul orei 02.15, \u00een Dispeceratul Integrat ISU \u2013 SMURD \u2013 SAJ Ia\u015fi a fost anun\u0163at despre producerea unui accident rutier, unde unde un autoturism s-a r\u0103sturnat \u00eenafara p\u0103r\u0163ii carosabile, pe DN24, \u00een zona localit\u0103\u0163ii Carlig, \u00a0comuna Popricani, jude\u0163ul Ia\u015fi. La sosirea for\u0163elor de interven\u0163ie la locul evenimentului rutier se afla un autoturism r\u0103sturnat, \u00een care erau implicate 4 persoane, din care 2 victime erau \u00eencarcerate\u201d, a transmis ISU Ia\u015fi.<\/p>\n<p>Imediat, pompierii au intervenit pentru descarcerarea victimelor, care au fost ulterior preluate de echipajele de ambulan\u021b\u0103 ce au intervenit la fa\u021ba locului.\u00a0<\/p>\n<p>\u201dPentru una dintre victime a fost ini\u0163iat protocolul de resuscitare, din p\u0103cate acesta nu a r\u0103spuns manevrelor de resuscitare \u015fi a fost declarat\u0103 decedat\u0103. Celelalte trei victime au fost transportate la<a href=\"https:\/\/www.realitatea.net\/stiri\/actual\/accident-grav-in-capitala-doi-copii-loviti-in-plin-de-o-masina-in-timp-ce-traversau-strada-si-proiectati-intrun-autobuz_67b9e29fb00b1835e95d56a2\" target=\"_blank\"> spital<\/a>. Cazul a r\u0103mas \u00een aten\u0163ia autorit\u0103\u0163ilor pentru cercet\u0103ri\u201d, a mai transmis ISU Ia\u0219i.<\/p>\n<p>La volanul autoturismului se afla un b\u0103rbat \u00een v\u00e2rst\u0103 de 40 de ani, care, \u00een timp ce conducea pe DN 24, ar fi pierdut controlul asupra direc\u0163iei de deplasare \u015fi ar fi intrat pe sensul opus. Apoi, ma\u0219ina s-a lovit de capul unui pod \u015fi s-a r\u0103sturnat, a transmis IPJ Ia\u015fi.<\/p>\n<p>Potrivit reprezentan\u021bilor IPJ Ia\u0219i, \u0219oferul nu a putut fi testat cu aparatul alcooltest, fiindu-i prelevate mostre biologice de s\u00e2nge \u015fi urin\u0103.<\/p>\n<p>\u00cen acest caz, a fost deschis un dosar penal sub aspectul s\u0103v\u00e2r\u015firii infrac\u0163iunilor de v\u0103t\u0103mare corporal\u0103 din culp\u0103 \u015fi ucidere din culp\u0103, iar oamenii legii continu\u0103 cercet\u0103rile \u00een vederea stabilirii cu exactitate a cauzelor \u0219i \u00eemprejur\u0103rilor \u00een care s-a produs tragedia.<\/p>","protected":false},"excerpt":{"rendered":"<p>Incidentul s-a petrecut s\u00e2mb\u0103t\u0103, \u00een localitatea Carlig, \u00a0comuna Popricani, jude\u0163ul Ia\u015fi, dup\u0103 ce \u0219oferul, un&hellip;<\/p>\n","protected":false},"author":0,"featured_media":33997,"comment_status":"open","ping_status":"open","sticky":false,"template":"","format":"standard","meta":{"footnotes":""},"categories":[2],"tags":[],"class_list":["post-33996","post","type-post","status-publish","format-standard","has-post-thumbnail","hentry","category-actual"],"_links":{"self":[{"href":"https:\/\/247stiri.ro\/index.php\/wp-json\/wp\/v2\/posts\/33996","targetHints":{"allow":["GET"]}}],"collection":[{"href":"https:\/\/247stiri.ro\/index.php\/wp-json\/wp\/v2\/posts"}],"about":[{"href":"https:\/\/247stiri.ro\/index.php\/wp-json\/wp\/v2\/types\/post"}],"replies":[{"embeddable":true,"href":"https:\/\/247stiri.ro\/index.php\/wp-json\/wp\/v2\/comments?post=33996"}],"version-history":[{"count":0,"href":"https:\/\/247stiri.ro\/index.php\/wp-json\/wp\/v2\/posts\/33996\/revisions"}],"wp:featuredmedia":[{"embeddable":true,"href":"https:\/\/247stiri.ro\/index.php\/wp-json\/wp\/v2\/media\/33997"}],"wp:attachment":[{"href":"https:\/\/247stiri.ro\/index.php\/wp-json\/wp\/v2\/media?parent=33996"}],"wp:term":[{"taxonomy":"category","embeddable":true,"href":"https:\/\/247stiri.ro\/index.php\/wp-json\/wp\/v2\/categories?post=33996"},{"taxonomy":"post_tag","embeddable":true,"href":"https:\/\/247stiri.ro\/index.php\/wp-json\/wp\/v2\/tags?post=33996"}],"curies":[{"name":"wp","href":"https:\/\/api.w.org\/{rel}","templated":true}]}}