{"id":33998,"date":"2025-02-22T20:44:52","date_gmt":"2025-02-22T20:44:52","guid":{"rendered":"https:\/\/247stiri.ro\/index.php\/2025\/02\/22\/viktor-orban-este-ferm-covins-ca-ucraina-nu-va-fi-primita-nici-in-nato-si-nici-in-uniunea-europeana\/"},"modified":"2025-02-22T20:44:52","modified_gmt":"2025-02-22T20:44:52","slug":"viktor-orban-este-ferm-covins-ca-ucraina-nu-va-fi-primita-nici-in-nato-si-nici-in-uniunea-europeana","status":"publish","type":"post","link":"https:\/\/247stiri.ro\/index.php\/2025\/02\/22\/viktor-orban-este-ferm-covins-ca-ucraina-nu-va-fi-primita-nici-in-nato-si-nici-in-uniunea-europeana\/","title":{"rendered":"Viktor Orban este ferm covins c\u0103 Ucraina nu va fi primit\u0103 nici \u00een NATO \u0219i nici \u00een Uniunea European\u0103"},"content":{"rendered":"<p>Ungaria va fi cea care va decide dac\u0103 Ucraina este capabil\u0103 s\u0103 \u00ee\u015fi \u00eemplineasc\u0103 visul de a adera la Uniunea European\u0103 \u00een viitor, a declarat s\u00e2mb\u0103t\u0103 premierul ungar Viktor Orban, potrivit AP.<\/p>\n<p>\u00cen cadrul discursului anual privind starea na\u0163iunii, sus\u0163inut la Budapesta \u00een fa\u0163a unui cerc restr\u00e2ns de membri de partid \u015fi sus\u0163in\u0103tori, Orban a descris Ucraina drept o zon\u0103 tampon \u00eentre Rusia \u015fi \u0163\u0103rile NATO \u015fi a prezis c\u0103, dup\u0103 \u00eencetarea r\u0103zboiului de c\u0103tre Moscova, Ucraina \u00ee\u015fi va relua acest rol, \u00een ciuda ambi\u0163iilor sale de a se al\u0103tura alian\u0163ei militare occidentale.<\/p>\n<p>El a ad\u0103ugat c\u0103 ungurii vor decide dac\u0103 Ucraina se va putea al\u0103tura \u00eentr-o zi celor 27 de membri ai UE.<\/p>\n<p>\u201e\u00cempotriva voin\u0163ei Ungariei \u015fi a maghiarilor, Ucraina nu va fi niciodat\u0103 membr\u0103 a Uniunii Europene\u201d, a spus Orb\u00e1n.\u00a0\u201eAderarea Ucrainei ar distruge fermierii maghiari \u015fi nu numai pe ei, ci \u00eentreaga economie na\u0163ional\u0103 maghiar\u0103\u201d.<\/p>\n<p>Unanimitatea este necesar\u0103 \u00eentre liderii tuturor \u0163\u0103rilor UE pentru a accepta noi membri.<\/p>\n<p>\u00a0<\/p>\n<p>Orb\u00e1n, considerat cel mai apropiat partener al Kremlinului printre liderii UE, a fost principalul impediment al blocului \u00een eforturile sale de a sprijini Ucraina \u00een lupta \u0163\u0103rii de a se ap\u0103ra \u00eempotriva invaziei la scar\u0103 larg\u0103 a Rusiei. El a criticat \u00een mod frecvent sanc\u0163iunile UE \u00eempotriva Rusiei din cauza agresiunii acesteia \u015fi a amenin\u0163at cu veto-ul, dar \u00een cele din urm\u0103 a votat \u00eentotdeauna \u00een favoarea acestora.<\/p>\n<p>\u00cen timp ce Ungaria, membr\u0103 a UE \u015fi a NATO, a primit refugia\u0163i ucraineni care au fugit din calea conflictului, aceasta a \u00eempiedicat, de asemenea, acordarea de asisten\u0163\u0103 financiar\u0103 UE Kievului \u015fi a f\u0103cut presiuni pentru o cooperare economic\u0103 \u015fi energetic\u0103 mai str\u00e2ns\u0103 cu Moscova, \u00een ciuda r\u0103zboiului.<\/p>\n<p>D\u00e2nd impresia c\u0103 pune la \u00eendoial\u0103 statutul de stat al Ucrainei, Orban a declarat s\u00e2mb\u0103t\u0103 c\u0103 r\u0103zboiul declan\u015fat de Rusia \u00een urm\u0103 cu aproape trei ani \u201enici m\u0103car nu a fost despre Ucraina, ci despre teritoriul numit Ucraina &#8211; care p\u00e2n\u0103 acum a fost o zon\u0103 tampon \u00eentre NATO \u015fi Rusia &#8211; fiind plasat sub auspiciile NATO\u201d.\u00a0\u201eUcraina, sau ceea ce r\u0103m\u00e2ne din ea, va deveni din nou o zon\u0103 tampon\u201d, a spus Orb\u00e1n. \u201eNu va deveni membr\u0103 NATO\u201d.<\/p>\n<p>Aceste comentarii au reflectat declara\u0163iile recente ale membrilor administra\u0163iei pre\u015fedintelui american Donald Trump, care au sugerat c\u0103 Ucraina ar trebui s\u0103-\u015fi abandoneze speran\u0163ele de a adera la NATO ca garant al securit\u0103\u0163ii sale viitoare \u00eempotriva poten\u0163ialelor atacuri ruse\u015fti.<\/p>\n<p>Orban, un aliat al lui Trump, a aplaudat ac\u0163iunile administra\u0163iei americane de a desfiin\u0163a Agen\u0163ia Statelor Unite pentru Dezvoltare Interna\u0163ional\u0103, sus\u0163in\u00e2nd, f\u0103r\u0103 nicio dovad\u0103, c\u0103 agen\u0163ia a fost folosit\u0103 pentru a finan\u0163a cauze liberale \u00een Ungaria cu scopul de a r\u0103sturna guvernul s\u0103u.<\/p>\n<p>El a promis o reglare de conturi pentru organiza\u0163iile neguvernamentale, mass-media \u015fi grupurile pentru drepturile omului care au beneficiat de finan\u0163are din partea USAID, afirm\u00e2nd c\u0103 acestea vor fi eliminate \u00een Ungaria \u015fi se vor confrunta cu \u201econsecin\u0163e juridice\u201d.<\/p>","protected":false},"excerpt":{"rendered":"<p>Ungaria va fi cea care va decide dac\u0103 Ucraina este capabil\u0103 s\u0103 \u00ee\u015fi \u00eemplineasc\u0103 visul&hellip;<\/p>\n","protected":false},"author":0,"featured_media":33991,"comment_status":"open","ping_status":"open","sticky":false,"template":"","format":"standard","meta":{"footnotes":""},"categories":[2],"tags":[],"class_list":["post-33998","post","type-post","status-publish","format-standard","has-post-thumbnail","hentry","category-actual"],"_links":{"self":[{"href":"https:\/\/247stiri.ro\/index.php\/wp-json\/wp\/v2\/posts\/33998","targetHints":{"allow":["GET"]}}],"collection":[{"href":"https:\/\/247stiri.ro\/index.php\/wp-json\/wp\/v2\/posts"}],"about":[{"href":"https:\/\/247stiri.ro\/index.php\/wp-json\/wp\/v2\/types\/post"}],"replies":[{"embeddable":true,"href":"https:\/\/247stiri.ro\/index.php\/wp-json\/wp\/v2\/comments?post=33998"}],"version-history":[{"count":0,"href":"https:\/\/247stiri.ro\/index.php\/wp-json\/wp\/v2\/posts\/33998\/revisions"}],"wp:featuredmedia":[{"embeddable":true,"href":"https:\/\/247stiri.ro\/index.php\/wp-json\/wp\/v2\/media\/33991"}],"wp:attachment":[{"href":"https:\/\/247stiri.ro\/index.php\/wp-json\/wp\/v2\/media?parent=33998"}],"wp:term":[{"taxonomy":"category","embeddable":true,"href":"https:\/\/247stiri.ro\/index.php\/wp-json\/wp\/v2\/categories?post=33998"},{"taxonomy":"post_tag","embeddable":true,"href":"https:\/\/247stiri.ro\/index.php\/wp-json\/wp\/v2\/tags?post=33998"}],"curies":[{"name":"wp","href":"https:\/\/api.w.org\/{rel}","templated":true}]}}