{"id":33999,"date":"2025-02-22T20:44:52","date_gmt":"2025-02-22T20:44:52","guid":{"rendered":"https:\/\/247stiri.ro\/index.php\/2025\/02\/22\/calin-georgescu-dupa-protestul-pro-democratie-din-piata-victoriei-a-fost-un-act-de-vointa-nu-unul-electoral\/"},"modified":"2025-02-22T20:44:52","modified_gmt":"2025-02-22T20:44:52","slug":"calin-georgescu-dupa-protestul-pro-democratie-din-piata-victoriei-a-fost-un-act-de-vointa-nu-unul-electoral","status":"publish","type":"post","link":"https:\/\/247stiri.ro\/index.php\/2025\/02\/22\/calin-georgescu-dupa-protestul-pro-democratie-din-piata-victoriei-a-fost-un-act-de-vointa-nu-unul-electoral\/","title":{"rendered":"C\u0103lin Georgescu, dup\u0103 protestul pro-DEMOCRA\u021aIE din Pia\u021ba Victoriei: \u201dA fost un act de voin\u021b\u0103, nu unul electoral\u201d"},"content":{"rendered":"<p>Pre\u0219edintele Georgescu le-a mul\u021bumit rom\u00e2nilor pentru mobilizare, dar \u0219i pentru faptul c\u0103 au dovedit c\u0103 \u00eempreun\u0103 reprezint\u0103 o for\u021b\u0103 inbatabil\u0103.<\/p>\n<p>\u201dV\u0103 mul\u021bumesc pentru aceast\u0103 zi splendid\u0103 \u00een care am dovedit c\u0103 fiind liberi suntem puternici pentru totdeauna. Am v\u0103zut c\u0103 \u00een presa soro\u0219ist\u0103 inven\u021biile sunt la ordinea zilei \u0219i se titreaz\u0103 c\u0103 ast\u0103zi, au fost pu\u021bini oameni, c\u0103 nu a fost un mare protest, c\u0103 a fost noapte \u00een loc de zi, c\u0103 a fost cald \u0219i nu frig. (&#8230;) Eu nu am spus c\u0103 azi va fi un protest de amploare \u0219i nici nu am invitat la un protest! Asta au spus televiziunile soros1, soros3 \u0219i soros24.\u00a0<\/p>\n<p>Eu am spus c\u0103 ast\u0103zi este momentul \u00een care vom dovedi c\u0103 \u00eentr-o singur\u0103 zi, simbolic, putem str\u00e2nge semn\u0103turile pentru a reconfirma unirea poporului nostru \u0219i asta am f\u0103cut. Fiecare om care a fost ast\u0103zi \u00een Pia\u021ba Constitu\u021biei a fost reprezentantul a minimum al\u021bi 100 de oameni. Fiecare om a venit cu o medie de cel pu\u021bin 100 de semn\u0103turi pentru turul doi\u201d, a declarat C\u0103lin Georgescu.\u00a0<\/p>\n<p>De asemenea, pre\u0219edintele ales a anun\u021bat c\u0103 numai partidul AUR a str\u00e2ns peste 300.000 de semn\u0103turi pentru candidatura sa la pre\u0219edin\u021bia Rom\u00e2niei.\u00a0<\/p>\n<p>\u201dAst\u0103zi, ca idee, doar partidul AUR a anun\u021bat c\u0103 a str\u00e2ns peste 300.000 de semn\u0103turi, dar chiar \u0219i a\u0219a, v\u0103 rog pe cei care nu a\u021bi reu\u0219it \u00eenc\u0103 s\u0103 semna\u021bi, s\u0103 merge\u021bi la filialele partidelor AUR \u0219i POT \u0219i s\u0103 v\u0103 \u00eenscrie\u021bi pe liste pentru a ar\u0103ta \u0219i mai mult\u0103 unitate.\u00a0<\/p>\n<p>Ast\u0103zi, am dat cea mai clar\u0103 dovad\u0103 de transparen\u021b\u0103 din ultimii 35 de ani unei \u00eentregi lumi democratice. Mii de oamenii au venit cu listele de semn\u0103turii \u00een Pia\u021ba Constitu\u021biei\u201d, a mai spus C\u0103lin Georgescu.<\/p>\n<p>Mai mult, el a \u021binut s\u0103 precizeze faptul c\u0103 ac\u021biunea de s\u00e2mb\u0103t\u0103 reprezint\u0103 un act de voin\u021b\u0103 \u0219i nu un demers electoral, dup\u0103 cum au spus apostolii lui Soro\u0219.\u00a0<\/p>\n<p>\u201dS\u0103 re\u021binem c\u0103 ce am f\u0103cut ast\u0103zi reprezint\u0103 un act de voin\u021b\u0103 \u0219i nu o ac\u021biune electroal\u0103. De ce? Pentru c\u0103 ilegalitatea f\u0103cut\u0103 de CCR prin anularea alegerilor din 6 decembrie nu mai trebuie permis\u0103 \u00een nicio \u021bar\u0103 democratic\u0103, nu doar \u00een Rom\u00e2nia. P\u00e2n\u0103 \u00een ultimul moment posibil trebuie s\u0103 cerem turul 2 \u00eenapoi. Prin ac\u021biunea de ast\u0103zi am dovedit c\u0103 noi, poporul, suntem preg\u0103ti\u021bi pentru orice, pentru orice tip de lupt\u0103 cu sistemul care conduce Rom\u00e2nia prin abuz\u201d, a transmis pre\u0219edintele rom\u00e2nilor.<\/p>","protected":false},"excerpt":{"rendered":"<p>Pre\u0219edintele Georgescu le-a mul\u021bumit rom\u00e2nilor pentru mobilizare, dar \u0219i pentru faptul c\u0103 au dovedit c\u0103&hellip;<\/p>\n","protected":false},"author":0,"featured_media":33993,"comment_status":"open","ping_status":"open","sticky":false,"template":"","format":"standard","meta":{"footnotes":""},"categories":[2],"tags":[],"class_list":["post-33999","post","type-post","status-publish","format-standard","has-post-thumbnail","hentry","category-actual"],"_links":{"self":[{"href":"https:\/\/247stiri.ro\/index.php\/wp-json\/wp\/v2\/posts\/33999","targetHints":{"allow":["GET"]}}],"collection":[{"href":"https:\/\/247stiri.ro\/index.php\/wp-json\/wp\/v2\/posts"}],"about":[{"href":"https:\/\/247stiri.ro\/index.php\/wp-json\/wp\/v2\/types\/post"}],"replies":[{"embeddable":true,"href":"https:\/\/247stiri.ro\/index.php\/wp-json\/wp\/v2\/comments?post=33999"}],"version-history":[{"count":0,"href":"https:\/\/247stiri.ro\/index.php\/wp-json\/wp\/v2\/posts\/33999\/revisions"}],"wp:featuredmedia":[{"embeddable":true,"href":"https:\/\/247stiri.ro\/index.php\/wp-json\/wp\/v2\/media\/33993"}],"wp:attachment":[{"href":"https:\/\/247stiri.ro\/index.php\/wp-json\/wp\/v2\/media?parent=33999"}],"wp:term":[{"taxonomy":"category","embeddable":true,"href":"https:\/\/247stiri.ro\/index.php\/wp-json\/wp\/v2\/categories?post=33999"},{"taxonomy":"post_tag","embeddable":true,"href":"https:\/\/247stiri.ro\/index.php\/wp-json\/wp\/v2\/tags?post=33999"}],"curies":[{"name":"wp","href":"https:\/\/api.w.org\/{rel}","templated":true}]}}