{"id":34000,"date":"2025-02-22T20:44:53","date_gmt":"2025-02-22T20:44:53","guid":{"rendered":"https:\/\/247stiri.ro\/index.php\/2025\/02\/22\/george-simion-vom-fi-foarte-multi-in-strada-pe-1-martie-vointa-poporului-roman-se-va-transforma-in-lege\/"},"modified":"2025-02-22T20:44:53","modified_gmt":"2025-02-22T20:44:53","slug":"george-simion-vom-fi-foarte-multi-in-strada-pe-1-martie-vointa-poporului-roman-se-va-transforma-in-lege","status":"publish","type":"post","link":"https:\/\/247stiri.ro\/index.php\/2025\/02\/22\/george-simion-vom-fi-foarte-multi-in-strada-pe-1-martie-vointa-poporului-roman-se-va-transforma-in-lege\/","title":{"rendered":"George Simion: \u201eVom fi foarte mul\u021bi \u00een strad\u0103 pe 1 martie. Voin\u021ba poporului rom\u00e2n se va transforma \u00een lege\u201d"},"content":{"rendered":"<p>\u201eVreau s\u0103 \u00eei felicit pe cei 200 de mii de rom\u00e2ni care au semnat pentru C\u0103lin Georgescu. Totodat\u0103, ne \u00eent\u00e2lnim pe 1 martie \u00een strad\u0103. Oamenii s-au s\u0103turat, oamenii au votat, \u0219i sper\u0103m ca mo\u021biunea de cenzura s\u0103 treac\u0103. Sper\u0103m ca USR s\u0103 semneze \u0219i s\u0103 voteze mo\u021biunea. Ne dorim din suflet ca aceast\u0103 presiune s\u0103 fac\u0103 \u00een a\u0219a fel \u00eenc\u00e2t Guvernul Ciolacu s\u0103 plece acas\u0103. E nevoie de democra\u021bie, \u0219i de voin\u021ba poporului care trebuie s\u0103 devin\u0103 lege. \u00cen fiecare jude\u021b al \u021b\u0103rii contacta\u021bi-v\u0103 parlamentarul \u0219i spune\u021bi-le s\u0103 voteze mo\u021biunea \u00eempotriva lui Ciolacu. Vom fi foarte mul\u021bi \u00een strad\u0103 pe 1 martie. Voin\u021ba poporului se va transforma \u00een lege. E timpul ca rom\u00e2nii s\u0103 \u00ee\u0219i decid\u0103 singuri soarta, nu Comisia European sau statul paralel. AUR \u00eel sus\u021bine pe C\u0103lin Georgescu pentru alegerile preziden\u021biale din mai\u201d, a declarat George Simion.<\/p>","protected":false},"excerpt":{"rendered":"<p>\u201eVreau s\u0103 \u00eei felicit pe cei 200 de mii de rom\u00e2ni care au semnat pentru&hellip;<\/p>\n","protected":false},"author":0,"featured_media":33995,"comment_status":"open","ping_status":"open","sticky":false,"template":"","format":"standard","meta":{"footnotes":""},"categories":[2],"tags":[],"class_list":["post-34000","post","type-post","status-publish","format-standard","has-post-thumbnail","hentry","category-actual"],"_links":{"self":[{"href":"https:\/\/247stiri.ro\/index.php\/wp-json\/wp\/v2\/posts\/34000","targetHints":{"allow":["GET"]}}],"collection":[{"href":"https:\/\/247stiri.ro\/index.php\/wp-json\/wp\/v2\/posts"}],"about":[{"href":"https:\/\/247stiri.ro\/index.php\/wp-json\/wp\/v2\/types\/post"}],"replies":[{"embeddable":true,"href":"https:\/\/247stiri.ro\/index.php\/wp-json\/wp\/v2\/comments?post=34000"}],"version-history":[{"count":0,"href":"https:\/\/247stiri.ro\/index.php\/wp-json\/wp\/v2\/posts\/34000\/revisions"}],"wp:featuredmedia":[{"embeddable":true,"href":"https:\/\/247stiri.ro\/index.php\/wp-json\/wp\/v2\/media\/33995"}],"wp:attachment":[{"href":"https:\/\/247stiri.ro\/index.php\/wp-json\/wp\/v2\/media?parent=34000"}],"wp:term":[{"taxonomy":"category","embeddable":true,"href":"https:\/\/247stiri.ro\/index.php\/wp-json\/wp\/v2\/categories?post=34000"},{"taxonomy":"post_tag","embeddable":true,"href":"https:\/\/247stiri.ro\/index.php\/wp-json\/wp\/v2\/tags?post=34000"}],"curies":[{"name":"wp","href":"https:\/\/api.w.org\/{rel}","templated":true}]}}