{"id":34006,"date":"2025-02-22T21:45:06","date_gmt":"2025-02-22T21:45:06","guid":{"rendered":"https:\/\/247stiri.ro\/index.php\/2025\/02\/22\/boala-pe-care-o-poti-declansa-daca-te-freci-la-ochi-semnalul-de-alarma-pe-care-medicii-il-trag\/"},"modified":"2025-02-22T21:45:06","modified_gmt":"2025-02-22T21:45:06","slug":"boala-pe-care-o-poti-declansa-daca-te-freci-la-ochi-semnalul-de-alarma-pe-care-medicii-il-trag","status":"publish","type":"post","link":"https:\/\/247stiri.ro\/index.php\/2025\/02\/22\/boala-pe-care-o-poti-declansa-daca-te-freci-la-ochi-semnalul-de-alarma-pe-care-medicii-il-trag\/","title":{"rendered":"Boala pe care o po\u021bi declan\u0219a dac\u0103 te freci la ochi. Semnalul de alarm\u0103 pe care medicii \u00eel trag"},"content":{"rendered":"<p>Potrivit lor, aceast\u0103 boal\u0103 \u00ee\u0219i face apari\u021bia \u00een urma frec\u0103rii excesive la<a href=\"https:\/\/www.realitatea.net\/stiri\/actual\/o-noua-operatie-de-schimbare-a-culorii-ochilor-face-ravagii-pe-internet-cum-functioneaza-keratopigmentarea_673cc4ed8efb5f0425544863\" target=\"_blank\"> ochi<\/a>, a\u0219a c\u0103 dac\u0103 \u0219i tu ai acest obicei evit\u0103 s\u0103 \u00eel faci prea des, deoarece te expui unor riscuri foarte mari.\u00a0<\/p>\n<p>De\u0219i pare greu de crezut, prin acest gest banal \u00ee\u021bi po\u021bi provoca leziuni la nivelul ochilor. Chiar dac\u0103 ochii sunt extrem de delica\u021bi, ace\u0219tia au cei mai rapizi mu\u0219chi din tot organismul.\u00a0<\/p>\n<p>Mai mult, ochii \u00a0sunt capabili s\u0103 func\u021bioneze la capacitate maxim\u0103, f\u0103r\u0103 \u00eentrerupere, pe tot parcursul vie\u021bii.\u00a0<\/p>\n<p>\u00cens\u0103, atunci c\u00e2nd \u00ee\u021bi sim\u021bi ochii obosi\u021bi sau sim\u021bi c\u0103 te dor, \u00een spatele acestor senza\u021bii sunt diverse probleme de vedere sau dureri care au cu totul alte cauze.<\/p>\n<p>Medicii avertizeaz\u0103 c\u0103 dac\u0103 ai astfel de sennza\u021bii, frecatul la ochi frecvent poate avea consecin\u021be grave \u0219i poate dezvolta boala keratoconus, o afec\u021biune ocular\u0103 degenerativ\u0103 care presupune deformarea \u0219i sub\u021bierea corneei care, \u00een mod normal, este rotund\u0103.<\/p>\n<p>Potrivit speciali\u0219tilor, \u00een keratoconus, corneea devine neregulat\u0103, cu aspect de con, iar primul simptom este vederea neclar\u0103, divizat\u0103, deoarece focusul privirii se va duce c\u0103tre mai multe puncte deodat\u0103.<\/p>\n<p>Aten\u021bie! Aceast\u0103 boal\u0103 poate s\u0103 se dezvolte mai u\u0219or la persoanele care sufer\u0103 de dermatit\u0103 atopic\u0103 sau rinit\u0103 alergic\u0103 sau care au avut probleme oculare anterioare, cum ar fi conjunctivita alergic\u0103, retinita \u0219i distrofii retiniene congenitale.<\/p>","protected":false},"excerpt":{"rendered":"<p>Potrivit lor, aceast\u0103 boal\u0103 \u00ee\u0219i face apari\u021bia \u00een urma frec\u0103rii excesive la ochi, a\u0219a c\u0103&hellip;<\/p>\n","protected":false},"author":0,"featured_media":34002,"comment_status":"open","ping_status":"open","sticky":false,"template":"","format":"standard","meta":{"footnotes":""},"categories":[2],"tags":[],"class_list":["post-34006","post","type-post","status-publish","format-standard","has-post-thumbnail","hentry","category-actual"],"_links":{"self":[{"href":"https:\/\/247stiri.ro\/index.php\/wp-json\/wp\/v2\/posts\/34006","targetHints":{"allow":["GET"]}}],"collection":[{"href":"https:\/\/247stiri.ro\/index.php\/wp-json\/wp\/v2\/posts"}],"about":[{"href":"https:\/\/247stiri.ro\/index.php\/wp-json\/wp\/v2\/types\/post"}],"replies":[{"embeddable":true,"href":"https:\/\/247stiri.ro\/index.php\/wp-json\/wp\/v2\/comments?post=34006"}],"version-history":[{"count":0,"href":"https:\/\/247stiri.ro\/index.php\/wp-json\/wp\/v2\/posts\/34006\/revisions"}],"wp:featuredmedia":[{"embeddable":true,"href":"https:\/\/247stiri.ro\/index.php\/wp-json\/wp\/v2\/media\/34002"}],"wp:attachment":[{"href":"https:\/\/247stiri.ro\/index.php\/wp-json\/wp\/v2\/media?parent=34006"}],"wp:term":[{"taxonomy":"category","embeddable":true,"href":"https:\/\/247stiri.ro\/index.php\/wp-json\/wp\/v2\/categories?post=34006"},{"taxonomy":"post_tag","embeddable":true,"href":"https:\/\/247stiri.ro\/index.php\/wp-json\/wp\/v2\/tags?post=34006"}],"curies":[{"name":"wp","href":"https:\/\/api.w.org\/{rel}","templated":true}]}}