{"id":34026,"date":"2025-02-23T06:45:33","date_gmt":"2025-02-23T06:45:33","guid":{"rendered":"https:\/\/247stiri.ro\/index.php\/2025\/02\/23\/sarbatoarea-zilei-23-februarie-2025-un-mare-sfant-este-pomenit-in-calendarele-crestine-vezi-cui-trebuie-sa-te-rogi-astazi\/"},"modified":"2025-02-23T06:45:33","modified_gmt":"2025-02-23T06:45:33","slug":"sarbatoarea-zilei-23-februarie-2025-un-mare-sfant-este-pomenit-in-calendarele-crestine-vezi-cui-trebuie-sa-te-rogi-astazi","status":"publish","type":"post","link":"https:\/\/247stiri.ro\/index.php\/2025\/02\/23\/sarbatoarea-zilei-23-februarie-2025-un-mare-sfant-este-pomenit-in-calendarele-crestine-vezi-cui-trebuie-sa-te-rogi-astazi\/","title":{"rendered":"S\u0103rb\u0103toarea zilei: 23 februarie 2025. Un mare sf\u00e2nt este pomenit \u00een calendarele cre\u0219tine. Vezi cui trebuie s\u0103 te rogi ast\u0103zi"},"content":{"rendered":"<p>S\u0103rb\u0103torile zilei:<\/p>\n<p>OrtodoxeSf. Sfin\u0163it Mc. Policarp, episcopul Smirnei; Sf. Gorgonia<\/p>\n<p>Greco-catoliceSf. ep. m. Policarp al Smirnei<\/p>\n<p>Romano-catoliceSf. Policarp, ep. m<\/p>\n<p>Sf\u00e2ntul Sfin\u0163it Mucenic Policarp este pomenit \u00een calendarul cre\u015ftin ortodox la 23 februarie.<\/p>\n<p>Sl\u0103vitul \u015fi sfin\u0163itul m\u0103rturisitor al lui Hristos, Policarp, era prin na\u015ftere \u015fi cre\u015ftere fiu al cet\u0103\u0163ii Efesului.<\/p>\n<p>P\u0103rin\u0163ii s\u0103i erau bine credincio\u015fi, foarte boga\u0163i \u015fi milostivi. Tat\u0103l s\u0103u se numea Pangratie, iar mama sa Teodora. Au fost denun\u0163a\u0163i pentru credin\u0163a lor \u015fi pun\u00e2ndu-le \u00een fa\u0163\u0103 st\u0103p\u00e2nitorul locului renun\u0163area la Hristos, ace\u015ftia au refuzat. Au fost b\u0103tu\u0163i foarte tare \u015fi au fost \u00eenchi\u015fi, fiind tortura\u0163i \u015fi mult chinui\u0163i cu foamea, cu setea \u015fi cu alte p\u0103timiri rele. Teodora era atunci \u00eens\u0103rcinat\u0103 cu Sf\u00e2ntul Policarp \u015fi a n\u0103scut copilul \u00een temni\u0163\u0103.<\/p>\n<p>\u00cengerul Domnului a luat pruncul nou n\u0103scut din temni\u0163\u0103 \u015fi l-a dus unei femei cre\u015ftine \u00eenst\u0103rite, cu numele Calista, poruncindu-i s\u0103-l boteze \u015fi s\u0103-l creasc\u0103 cu toat\u0103 purtarea de grij\u0103 \u015fi s\u00e2rguin\u0163a, dar s\u0103 nu spun\u0103 nim\u0103nui taina aceasta. Dup\u0103 aceea s-a f\u0103cut nev\u0103zut. Pentru lipsa copilului, Pangratie \u015fi Teodora au fost atunci tortura\u0163i aspru \u015fi omor\u00e2\u0163i, c\u0103ci st\u0103p\u00e2nitorul voia &#8222;s\u0103 ia pruncul \u015fi s\u0103-l creasc\u0103, apoi s\u0103-l \u00eenve\u0163e r\u0103t\u0103cirea \u015fi p\u0103g\u00e2n\u0103tatea lui&#8221;. (Vie\u0163ile Sfin\u0163ilor)<\/p>\n<p>C\u00e2nd a \u00eemplinit 20 de ani, Sf\u00e2ntul Policarp a plecat, cu voia mamei sale suflete\u015fti, s\u0103 \u00eel vad\u0103 pe Sf\u00e2ntul Apostol \u015fi Evanghelist Ioan, ce f\u0103cea cunoscut\u0103 Evanghelia \u00een alte p\u0103r\u0163i ale Asiei. S-a f\u0103cut ucenic al Sf\u00e2ntului Evanghelist Ioan \u015fi, \u00eempreun\u0103 cu el, a umblat din loc \u00een loc, din \u0163ar\u0103 \u00een \u0163ar\u0103 \u015fi, av\u00e2nd multe suferin\u0163e, de foame, de sete, lipsa hainelor \u015fi multe alte str\u00e2mtor\u0103ri, propov\u0103duia cuv\u00e2ntul Evangheliei lui Hristos, ca \u015fi un apostol.<\/p>\n<p>Sf\u00e2ntul Policarp a urmat \u00een scaunul episcopal al Smirnei Sf\u00e2ntului Vucol, care a fost hirotonit ca episcop de Sf\u00e2ntul Apostol \u015fi Evanghelist Ioan.<\/p>\n<p>\u00cen calitate de ierarh a p\u0103storit apostole\u015fte Biserica lui Dumnezeu, suferind multe dureri \u015fi str\u0103duin\u0163\u0103 pentru m\u00e2ntuirea sufletelor omene\u015fti. A fost \u00eenv\u0103\u0163\u0103tor \u015fi urm\u0103tor al Sfin\u0163ilor Apostoli \u015fi proroc sf\u00e2nt; pentru c\u0103 toate cele pe care le spunea se \u00eemplineau \u00eentocmai.<\/p>\n<p>Sf\u00e2ntul Policarp a depus mari eforturi pentru combaterea ereziilor \u015fi a sectelor gnostice iudeo-cre\u015ftine.<\/p>\n<p>A p\u0103timit moarte muceniceasc\u0103 \u00een timpul \u00eemp\u0103ratului roman Marcus Aurelius (161-180), c\u00e2nd s-a dezl\u0103n\u0163uit persecu\u0163ia \u00eempotriva cre\u015ftinilor \u00een Smirna, conform formulei: &#8222;non licet esse vos&#8221; (&#8222;nu v\u0103 este permis s\u0103 exista\u0163i&#8221;).<\/p>\n<p>A fost condamnat s\u0103 fie dat fiarelor \u00een amfiteatru, dar fiindc\u0103 la &#8222;jocuri&#8221; lupta cu fiarele se \u00eencheiase a fost os\u00e2ndit la moarte pe rug; \u015fi pentru c\u0103 focul p\u0103rea s\u0103 nu-l ating\u0103, a fost ucis cu o suli\u0163\u0103. (sursa: vol. &#8222;Vie\u0163ile Sfin\u0163ilor&#8221;)\u00a0<\/p>\n<p><a href=\"https:\/\/www.realitatea.net\/stiri\/actual\/lasata-secului-de-carne-pentru-postul-pastelui-2025-traditii-obiceiuri-si-superstitii_67b9f2e09934b17c5e4c5c02\" target=\"_blank\">L\u0103sata Secului de carne pentru Postul Pa\u0219telui 2025. Tradi\u021bii, obiceiuri \u0219i supersti\u021bii<\/a><\/p>","protected":false},"excerpt":{"rendered":"<p>S\u0103rb\u0103torile zilei: OrtodoxeSf. Sfin\u0163it Mc. Policarp, episcopul Smirnei; Sf. Gorgonia Greco-catoliceSf. ep. m. Policarp al&hellip;<\/p>\n","protected":false},"author":0,"featured_media":34019,"comment_status":"open","ping_status":"open","sticky":false,"template":"","format":"standard","meta":{"footnotes":""},"categories":[2],"tags":[],"class_list":["post-34026","post","type-post","status-publish","format-standard","has-post-thumbnail","hentry","category-actual"],"_links":{"self":[{"href":"https:\/\/247stiri.ro\/index.php\/wp-json\/wp\/v2\/posts\/34026","targetHints":{"allow":["GET"]}}],"collection":[{"href":"https:\/\/247stiri.ro\/index.php\/wp-json\/wp\/v2\/posts"}],"about":[{"href":"https:\/\/247stiri.ro\/index.php\/wp-json\/wp\/v2\/types\/post"}],"replies":[{"embeddable":true,"href":"https:\/\/247stiri.ro\/index.php\/wp-json\/wp\/v2\/comments?post=34026"}],"version-history":[{"count":0,"href":"https:\/\/247stiri.ro\/index.php\/wp-json\/wp\/v2\/posts\/34026\/revisions"}],"wp:featuredmedia":[{"embeddable":true,"href":"https:\/\/247stiri.ro\/index.php\/wp-json\/wp\/v2\/media\/34019"}],"wp:attachment":[{"href":"https:\/\/247stiri.ro\/index.php\/wp-json\/wp\/v2\/media?parent=34026"}],"wp:term":[{"taxonomy":"category","embeddable":true,"href":"https:\/\/247stiri.ro\/index.php\/wp-json\/wp\/v2\/categories?post=34026"},{"taxonomy":"post_tag","embeddable":true,"href":"https:\/\/247stiri.ro\/index.php\/wp-json\/wp\/v2\/tags?post=34026"}],"curies":[{"name":"wp","href":"https:\/\/api.w.org\/{rel}","templated":true}]}}