{"id":34029,"date":"2025-02-23T06:45:34","date_gmt":"2025-02-23T06:45:34","guid":{"rendered":"https:\/\/247stiri.ro\/index.php\/2025\/02\/23\/dezvaluiri-cumplite-despre-soferul-care-a-produs-accidentul-din-campia-turzii-fiul-de-milionar-facea-liniute-pe-sosea-doi-copii-au-ramas-fara-mama\/"},"modified":"2025-02-23T06:45:34","modified_gmt":"2025-02-23T06:45:34","slug":"dezvaluiri-cumplite-despre-soferul-care-a-produs-accidentul-din-campia-turzii-fiul-de-milionar-facea-liniute-pe-sosea-doi-copii-au-ramas-fara-mama","status":"publish","type":"post","link":"https:\/\/247stiri.ro\/index.php\/2025\/02\/23\/dezvaluiri-cumplite-despre-soferul-care-a-produs-accidentul-din-campia-turzii-fiul-de-milionar-facea-liniute-pe-sosea-doi-copii-au-ramas-fara-mama\/","title":{"rendered":"Dezv\u0103luiri cumplite despre \u0219oferul care a produs accidentul din C\u00e2mpia Turzii: fiul de milionar f\u0103cea liniu\u021be pe \u0219osea. Doi copii au r\u0103mas f\u0103r\u0103 mam\u0103"},"content":{"rendered":"<p>Persoana responsabil\u0103 pentru producerea acestui accident rutier mortal se nume\u0219te Dan Andrei Gheorghie\u0219, are 19 ani, \u0219i este fiul unui cunoscut om de afaceri din C\u00e2mpia Turzii \u0219i Turda, patron al firmei Daghemana care de\u021bine o companie de transport \u0219i un hotel &#8211; restaurant.<\/p>\n<p>Potrivit martorilor oculari, \u00een noaptea respectiv\u0103, t\u00e2n\u0103rul participa la o curs\u0103 ilegal\u0103 cu bolidul s\u0103u de lux, tunat, un BMW X6: \u201eF\u0103cea liniu\u021be cu alt \u0219ofer\u201d.<\/p>\n<p>\u00cen timpul unei manevre riscante de dep\u0103\u0219ire, Gheorghie\u0219 a intrat \u00een coliziune frontal\u0103 cu autoturismul condus regulamentar de Diana Livia Cri\u0219an, mam\u0103 a doi copii mici, care se \u00eendrepta spre cas\u0103 de la serviciu, al\u0103turi de so\u021bul ei, care se afla pe locul din dreapta fa\u021b\u0103. Acesta din urm\u0103 a supravie\u021buit ca prin minune impactului violent cu ma\u0219ina care le-a ap\u0103rut brusc \u00een fa\u021b\u0103.<\/p>\n<p>Impactul a fost devastator, iar femeia a murit pe loc.<\/p>\n<p>Ma\u0219ina a fost proiectat\u0103 \u00eentr-un autovehicul sta\u021bionat, daunele provocate de coliziune fiind considerabile. Echipele de descarcerare ISU au fost nevoite s\u0103 extrag\u0103 corpul victimei din interiorul autoturismului, care se transformase \u00eentr-un morman de fiare. Femeia a murit practic \u00een bra\u021bele so\u021bului care a sperat p\u00e2n\u0103 \u00een ultima clip\u0103 c\u0103 va fi salvat\u0103. Potrivit unei rude, care a povestit ulterior: \u201eAu fost \u00eencercate manevre de resuscitare, \u00eens\u0103 vestea tragic\u0103 a primit-o \u021bin\u00e2nd-o \u00een bra\u021be, la piept\u201d.<\/p>\n<p>Poli\u021bi\u0219tii care au ajuns la fa\u021ba locului pentru cercet\u0103ri au concluzionat c\u0103 Gheorghie\u0219 a efectuat manevra de dep\u0103\u0219ire la o vitez\u0103 mare, av\u00e2nd \u00een vedere c\u0103 urmele de fr\u00e2nare \u0219i ulei de pe asfalt se \u00eentindeau pe o distan\u021b\u0103 de peste 150 de metri.<\/p>\n<p>Cercet\u0103rile preliminare arat\u0103 c\u0103 \u0219oferul vinovat nu era sub influen\u021ba alcoolului. Nu au fost \u00eens\u0103 men\u021bionate informa\u021bii despre consumul de droguri. T\u00e2n\u0103rul este cercetat acum pentru ucidere din culp\u0103.<\/p>\n<p>\u0218oferul teribilist nu era la prima abatere. Victima, ucis\u0103 \u201e\u00eentr-o frac\u021biune de secund\u0103\u201d<\/p>\n<p>\u00cen urma accidentului din C\u00e2mpia Turzii, \u0219oferul supravie\u021buitor \u0219i cei doi pasageri din ma\u0219ina sa, o fat\u0103 \u0219i un b\u0103iat \u00een v\u00e2rst\u0103 de 17 \u0219i respectiv 21 de ani, au fost transporta\u021bi la spital pentru \u00eengrijiri medicale.<\/p>\n<p>Diana Livia Cri\u0219an, femeia care \u0219i-a pierdut via\u021ba \u00een acest accident, era cunoscut\u0103 ca o persoan\u0103 responsabil\u0103 at\u00e2t \u00een via\u021ba personal\u0103, c\u00e2t \u0219i \u00een trafic. Anchetatorii au confirmat \u00eens\u0103 c\u0103 nu a avut nicio \u0219ans\u0103 \u00een fa\u021ba \u0219oferului imprudent: \u201eA fost vorba de o frac\u021biune de secund\u0103\u201d.<\/p>\n<p>Este important de men\u021bionat c\u0103 Dan Andrei Gheorghie\u0219 nu este la prima abatere rutier\u0103. Anul trecut, la scurt timp dup\u0103 ob\u021binerea permisului de conducere, a fost implicat \u00eentr-un alt accident rutier grav, \u00eens\u0103 nu se cunosc m\u0103surile luate la vremea respectiv\u0103.<\/p>\n<p>Tragedia din C\u00e2mpia Turzii a l\u0103sat \u00een urm\u0103 o familie \u00eendurerat\u0103 \u0219i doi copii, o feti\u021b\u0103 de 2 ani \u0219i un b\u0103iat de 8 ani, care nu-\u0219i vor mai vedea niciodat\u0103 mama.<\/p>\n<p>\u00a0<\/p>","protected":false},"excerpt":{"rendered":"<p>Persoana responsabil\u0103 pentru producerea acestui accident rutier mortal se nume\u0219te Dan Andrei Gheorghie\u0219, are 19&hellip;<\/p>\n","protected":false},"author":0,"featured_media":34030,"comment_status":"open","ping_status":"open","sticky":false,"template":"","format":"standard","meta":{"footnotes":""},"categories":[2],"tags":[],"class_list":["post-34029","post","type-post","status-publish","format-standard","has-post-thumbnail","hentry","category-actual"],"_links":{"self":[{"href":"https:\/\/247stiri.ro\/index.php\/wp-json\/wp\/v2\/posts\/34029","targetHints":{"allow":["GET"]}}],"collection":[{"href":"https:\/\/247stiri.ro\/index.php\/wp-json\/wp\/v2\/posts"}],"about":[{"href":"https:\/\/247stiri.ro\/index.php\/wp-json\/wp\/v2\/types\/post"}],"replies":[{"embeddable":true,"href":"https:\/\/247stiri.ro\/index.php\/wp-json\/wp\/v2\/comments?post=34029"}],"version-history":[{"count":0,"href":"https:\/\/247stiri.ro\/index.php\/wp-json\/wp\/v2\/posts\/34029\/revisions"}],"wp:featuredmedia":[{"embeddable":true,"href":"https:\/\/247stiri.ro\/index.php\/wp-json\/wp\/v2\/media\/34030"}],"wp:attachment":[{"href":"https:\/\/247stiri.ro\/index.php\/wp-json\/wp\/v2\/media?parent=34029"}],"wp:term":[{"taxonomy":"category","embeddable":true,"href":"https:\/\/247stiri.ro\/index.php\/wp-json\/wp\/v2\/categories?post=34029"},{"taxonomy":"post_tag","embeddable":true,"href":"https:\/\/247stiri.ro\/index.php\/wp-json\/wp\/v2\/tags?post=34029"}],"curies":[{"name":"wp","href":"https:\/\/api.w.org\/{rel}","templated":true}]}}