{"id":34060,"date":"2025-02-23T08:45:03","date_gmt":"2025-02-23T08:45:03","guid":{"rendered":"https:\/\/247stiri.ro\/index.php\/2025\/02\/23\/un-traficant-francez-de-droguri-deosebit-de-periculos-care-a-evadat-dupa-un-atac-asupra-dubei-penitenciarului-prins-la-bucuresti\/"},"modified":"2025-02-23T08:45:03","modified_gmt":"2025-02-23T08:45:03","slug":"un-traficant-francez-de-droguri-deosebit-de-periculos-care-a-evadat-dupa-un-atac-asupra-dubei-penitenciarului-prins-la-bucuresti","status":"publish","type":"post","link":"https:\/\/247stiri.ro\/index.php\/2025\/02\/23\/un-traficant-francez-de-droguri-deosebit-de-periculos-care-a-evadat-dupa-un-atac-asupra-dubei-penitenciarului-prins-la-bucuresti\/","title":{"rendered":"Un traficant francez de droguri deosebit de periculos, care a evadat dup\u0103 un atac asupra dubei penitenciarului, prins la Bucure\u0219ti"},"content":{"rendered":"<p>Ministrul de Interne din Fran\u021ba, Bruno Retailleau, a transmis, pe platforma X, un \u201emul\u021bumesc c\u0103lduros Rom\u00e2niei pentru cooperarea decisiv\u0103\u201d care a dus la re\u021binerea lui Mohamed Amra. Acesta a fost capturat \u00een Bucure\u0219ti, s\u00e2mb\u0103t\u0103, 22 februarie.<\/p>\n<p>\u201ePoli\u021bi\u0219tii Direc\u021biei de Investiga\u021bii Criminale \u0219i ai Direc\u021biei Opera\u021biuni Speciale din cadrul Poli\u021biei Rom\u00e2ne, \u00een urma unei opera\u021biuni E.N.F.A.S.T., declan\u0219at\u0103 la solicitarea autorit\u0103\u021bilor judiciare din Franta, au capturat, \u00een municipiul Bucure\u0219ti, un b\u0103rbat, de 30 de ani, cet\u0103\u021bean francez, urm\u0103rit interna\u021bional, deosebit de periculos. Opera\u021biunea s-a finalizat prin depistarea \u0219i prinderea b\u0103rbatului, pe numele c\u0103ruia existau 3 mandate europene de arestare pentru s\u0103v\u00e2r\u0219irea infrac\u021biunilor de evadare, omor, trafic de droguri \u0219i lipsire de libertate\u201d, anun\u021b\u0103 Poli\u021bia Rom\u00e2n\u0103.<\/p>\n<p>B\u0103rbatul, de 30 de ani, a evadat la data de 14 mai 2024, din Fran\u021ba, \u00een urma unui atac armat asupra unui vehicul al poli\u021biei penitenciare. \u00cen timpul acestui atac armat, doi agen\u021bi de penitenciare au fost uci\u0219i, iar al\u021bi trei au fost r\u0103ni\u021bi grav. Cunoscut sub supranumele de \u201eMusca\u201d, Amra era dus de la tribunal la o \u00eenchisoare din ora\u0219ul Rouen, \u00een apropiere de Paris, c\u00e2nd o ma\u0219in\u0103 a intrat \u00een duba \u00eenchisorii la o sta\u021bie de taxare, iar b\u0103rba\u021bi \u00eenarma\u021bi au deschis focul. \u00a0<\/p>\n<p>I\u0302n urma evada\u0306rii, scrie adevarul.ro, Interpol a emis o notit\u0326a\u0306 ros\u0326ie pe numele sa\u0306u, iar autorita\u0306t\u0326ile franceze au declans\u0326at planul E\u0301pervier, mobiliza\u0302nd sute de ofit\u0326eri de polit\u0326ie s\u0326i jandarmi pentru a-l captura.<\/p>\n<p>Acesta a fost condamnat anterior pentru furt prin efrac\u021bie \u0219i este, de asemenea, inculpat \u00eentr-un caz de r\u0103pire \u0219i sechestrare care a dus la decesul victimei. El are leg\u0103turi cunoscute cu mai multe grup\u0103ri interlope din Marsilia, implicate \u00een traficul de droguri, fiind cunoscut pentru comandarea si coordonarea, din penitenciarul unde se afla \u00eenchis, a unui asasinat asupra altui traficant de droguri.<\/p>\n<p>B\u0103rbatul urmeaz\u0103 s\u0103 fie prezentat procurorului din cadrul Parchetului de pe l\u00e2ng\u0103 Curtea de Apel Bucure\u0219ti, pentru dispunerea m\u0103surilor preventive.<\/p>\n<p>\u00a0<\/p>","protected":false},"excerpt":{"rendered":"<p>Ministrul de Interne din Fran\u021ba, Bruno Retailleau, a transmis, pe platforma X, un \u201emul\u021bumesc c\u0103lduros&hellip;<\/p>\n","protected":false},"author":0,"featured_media":34061,"comment_status":"open","ping_status":"open","sticky":false,"template":"","format":"standard","meta":{"footnotes":""},"categories":[4],"tags":[],"class_list":["post-34060","post","type-post","status-publish","format-standard","has-post-thumbnail","hentry","category-extern"],"_links":{"self":[{"href":"https:\/\/247stiri.ro\/index.php\/wp-json\/wp\/v2\/posts\/34060","targetHints":{"allow":["GET"]}}],"collection":[{"href":"https:\/\/247stiri.ro\/index.php\/wp-json\/wp\/v2\/posts"}],"about":[{"href":"https:\/\/247stiri.ro\/index.php\/wp-json\/wp\/v2\/types\/post"}],"replies":[{"embeddable":true,"href":"https:\/\/247stiri.ro\/index.php\/wp-json\/wp\/v2\/comments?post=34060"}],"version-history":[{"count":0,"href":"https:\/\/247stiri.ro\/index.php\/wp-json\/wp\/v2\/posts\/34060\/revisions"}],"wp:featuredmedia":[{"embeddable":true,"href":"https:\/\/247stiri.ro\/index.php\/wp-json\/wp\/v2\/media\/34061"}],"wp:attachment":[{"href":"https:\/\/247stiri.ro\/index.php\/wp-json\/wp\/v2\/media?parent=34060"}],"wp:term":[{"taxonomy":"category","embeddable":true,"href":"https:\/\/247stiri.ro\/index.php\/wp-json\/wp\/v2\/categories?post=34060"},{"taxonomy":"post_tag","embeddable":true,"href":"https:\/\/247stiri.ro\/index.php\/wp-json\/wp\/v2\/tags?post=34060"}],"curies":[{"name":"wp","href":"https:\/\/api.w.org\/{rel}","templated":true}]}}