{"id":34064,"date":"2025-02-23T08:45:06","date_gmt":"2025-02-23T08:45:06","guid":{"rendered":"https:\/\/247stiri.ro\/index.php\/2025\/02\/23\/ministrul-controversat-emil-hurezeanu-declaratii-soc-dupa-dezvaluirile-lui-elon-musk\/"},"modified":"2025-02-23T08:45:06","modified_gmt":"2025-02-23T08:45:06","slug":"ministrul-controversat-emil-hurezeanu-declaratii-soc-dupa-dezvaluirile-lui-elon-musk","status":"publish","type":"post","link":"https:\/\/247stiri.ro\/index.php\/2025\/02\/23\/ministrul-controversat-emil-hurezeanu-declaratii-soc-dupa-dezvaluirile-lui-elon-musk\/","title":{"rendered":"Ministrul controversat Emil Hurezeanu, declara\u021bii \u0218OC dup\u0103 dezv\u0103luirile lui Elon Musk"},"content":{"rendered":"<p>Potrivit declara\u021biilor f\u0103cute de ministrul de Externe, Emil Hurezeanu, America se implic\u0103 \u00een politica intern\u0103 interna\u021bional\u0103. Sus\u021binerea miliardarului Elon Musk fa\u021b\u0103 de C\u0103lin Georgescu \u00een cursa pentru preziden\u021biale a st\u00e2rnit, a\u0219adar, controverse la scar\u0103 larg\u0103.<\/p>\n<p>\u201eEste o form\u0103 de amestec \u00een alegerile interne ale altui stat.\u201d, a declarat Hurezeanu.<\/p>\n<p>\u00cen acela\u0219i timp, Hurezeanu afirm\u0103 c\u0103 miliardarul nu ar putea fi tras la r\u0103spundere, pentru c\u0103 este o persoan\u0103 privat\u0103, de\u0219i \u0219tim c\u0103 are o influen\u021b\u0103 foarte mare \u0219i s-a afi\u0219at \u00een foarte multe r\u00e2nduri cu Trump, \u00eens\u0103 nu ar ocupa o func\u021bie oficial\u0103 \u00een administra\u021bia lui.<\/p>\n<p>Interpretarea acestor mesaje de sus\u021binere fa\u021b\u0103 de un candidat nu este \u00eens\u0103 un caz izolat, astfel c\u0103 Elon Musk a mai avut post\u0103ri pe X care s\u0103 \u00eel avantajeze pe un candidat de extrem\u0103 dreapta din Germania cu doar o s\u0103pt\u0103m\u00e2na \u00eenainte de alegeri.<\/p>\n<p>\u00cen acela\u0219i context, Hurezeanu trage un semnal de alarm\u0103 \u0219i spune c\u0103 trebuie s\u0103 ne preg\u0103tim resurse pentru ap\u0103rare.<\/p>","protected":false},"excerpt":{"rendered":"<p>Potrivit declara\u021biilor f\u0103cute de ministrul de Externe, Emil Hurezeanu, America se implic\u0103 \u00een politica intern\u0103&hellip;<\/p>\n","protected":false},"author":0,"featured_media":34065,"comment_status":"open","ping_status":"open","sticky":false,"template":"","format":"standard","meta":{"footnotes":""},"categories":[2],"tags":[],"class_list":["post-34064","post","type-post","status-publish","format-standard","has-post-thumbnail","hentry","category-actual"],"_links":{"self":[{"href":"https:\/\/247stiri.ro\/index.php\/wp-json\/wp\/v2\/posts\/34064","targetHints":{"allow":["GET"]}}],"collection":[{"href":"https:\/\/247stiri.ro\/index.php\/wp-json\/wp\/v2\/posts"}],"about":[{"href":"https:\/\/247stiri.ro\/index.php\/wp-json\/wp\/v2\/types\/post"}],"replies":[{"embeddable":true,"href":"https:\/\/247stiri.ro\/index.php\/wp-json\/wp\/v2\/comments?post=34064"}],"version-history":[{"count":0,"href":"https:\/\/247stiri.ro\/index.php\/wp-json\/wp\/v2\/posts\/34064\/revisions"}],"wp:featuredmedia":[{"embeddable":true,"href":"https:\/\/247stiri.ro\/index.php\/wp-json\/wp\/v2\/media\/34065"}],"wp:attachment":[{"href":"https:\/\/247stiri.ro\/index.php\/wp-json\/wp\/v2\/media?parent=34064"}],"wp:term":[{"taxonomy":"category","embeddable":true,"href":"https:\/\/247stiri.ro\/index.php\/wp-json\/wp\/v2\/categories?post=34064"},{"taxonomy":"post_tag","embeddable":true,"href":"https:\/\/247stiri.ro\/index.php\/wp-json\/wp\/v2\/tags?post=34064"}],"curies":[{"name":"wp","href":"https:\/\/api.w.org\/{rel}","templated":true}]}}