{"id":34067,"date":"2025-02-23T08:45:07","date_gmt":"2025-02-23T08:45:07","guid":{"rendered":"https:\/\/247stiri.ro\/index.php\/2025\/02\/23\/vesti-bune-de-la-vatican-papa-francisc-a-petrecut-o-noapte-linistita-in-spital\/"},"modified":"2025-02-23T08:45:07","modified_gmt":"2025-02-23T08:45:07","slug":"vesti-bune-de-la-vatican-papa-francisc-a-petrecut-o-noapte-linistita-in-spital","status":"publish","type":"post","link":"https:\/\/247stiri.ro\/index.php\/2025\/02\/23\/vesti-bune-de-la-vatican-papa-francisc-a-petrecut-o-noapte-linistita-in-spital\/","title":{"rendered":"Ve\u0219ti bune de la Vatican. Papa Francisc a petrecut o noapte \u201dlini\u015ftit\u0103\u201d \u00een spital"},"content":{"rendered":"<p>Papa a fost internat la Spitalul Gemelli din Roma \u00een 14 februarie dup\u0103 ce s-a confruntat cu dificult\u0103\u0163i la respira\u0163ie timp de mai multe zile \u015fi ulterior a fost diagnosticat cu pneumonie la ambii pl\u0103m\u00e2ni.<\/p>\n<p>S\u00e2mb\u0103t\u0103, Vaticanul a descris pentru prima dat\u0103 starea sa ca fiind \u201dcritic\u0103\u201d, ar\u0103t\u00e2nd c\u0103 a avut nevoie de oxigen suplimentar \u015fi transfuzii de s\u00e2nge \u00een cursul zilei.<\/p>\n<p>Pneumonia dubl\u0103 este o infec\u0163ie grav\u0103 care poate inflama \u015fi cicatriza ambii pl\u0103m\u00e2ni, f\u0103c\u00e2nd dificil\u0103 respira\u0163ia. Vaticanul a descris infec\u0163ia papei ca fiind \u201ecomplex\u0103\u201d, spun\u00e2nd c\u0103 este cauzat\u0103 de dou\u0103 sau mai multe microorganisme.<\/p>","protected":false},"excerpt":{"rendered":"<p>Papa a fost internat la Spitalul Gemelli din Roma \u00een 14 februarie dup\u0103 ce s-a&hellip;<\/p>\n","protected":false},"author":0,"featured_media":34068,"comment_status":"open","ping_status":"open","sticky":false,"template":"","format":"standard","meta":{"footnotes":""},"categories":[2],"tags":[],"class_list":["post-34067","post","type-post","status-publish","format-standard","has-post-thumbnail","hentry","category-actual"],"_links":{"self":[{"href":"https:\/\/247stiri.ro\/index.php\/wp-json\/wp\/v2\/posts\/34067","targetHints":{"allow":["GET"]}}],"collection":[{"href":"https:\/\/247stiri.ro\/index.php\/wp-json\/wp\/v2\/posts"}],"about":[{"href":"https:\/\/247stiri.ro\/index.php\/wp-json\/wp\/v2\/types\/post"}],"replies":[{"embeddable":true,"href":"https:\/\/247stiri.ro\/index.php\/wp-json\/wp\/v2\/comments?post=34067"}],"version-history":[{"count":0,"href":"https:\/\/247stiri.ro\/index.php\/wp-json\/wp\/v2\/posts\/34067\/revisions"}],"wp:featuredmedia":[{"embeddable":true,"href":"https:\/\/247stiri.ro\/index.php\/wp-json\/wp\/v2\/media\/34068"}],"wp:attachment":[{"href":"https:\/\/247stiri.ro\/index.php\/wp-json\/wp\/v2\/media?parent=34067"}],"wp:term":[{"taxonomy":"category","embeddable":true,"href":"https:\/\/247stiri.ro\/index.php\/wp-json\/wp\/v2\/categories?post=34067"},{"taxonomy":"post_tag","embeddable":true,"href":"https:\/\/247stiri.ro\/index.php\/wp-json\/wp\/v2\/tags?post=34067"}],"curies":[{"name":"wp","href":"https:\/\/api.w.org\/{rel}","templated":true}]}}