{"id":34103,"date":"2025-02-23T10:44:48","date_gmt":"2025-02-23T10:44:48","guid":{"rendered":"https:\/\/247stiri.ro\/index.php\/2025\/02\/23\/un-barbat-si-a-pierdut-viata-in-urma-unui-accident-rutier-in-judetul-vaslui-doua-masini-s-au-ciocnit\/"},"modified":"2025-02-23T10:44:48","modified_gmt":"2025-02-23T10:44:48","slug":"un-barbat-si-a-pierdut-viata-in-urma-unui-accident-rutier-in-judetul-vaslui-doua-masini-s-au-ciocnit","status":"publish","type":"post","link":"https:\/\/247stiri.ro\/index.php\/2025\/02\/23\/un-barbat-si-a-pierdut-viata-in-urma-unui-accident-rutier-in-judetul-vaslui-doua-masini-s-au-ciocnit\/","title":{"rendered":"Un b\u0103rbat \u0219i-a pierdut via\u021ba \u00een urma unui accident rutier, \u00een jude\u021bul Vaslui. Dou\u0103 ma\u0219ini s-au ciocnit"},"content":{"rendered":"<p>Un b\u0103rbat a decedat, duminic\u0103 diminea\u021b\u0103, \u00een urma unui accident \u00een care au fost implicate dou\u0103 autoturisme, produs la intrarea \u00een ora\u0219ul Negre\u0219ti, dinspre suburbia Parpani\u021ba, au informat reprezentan\u021bii Inspectoratului pentru Situa\u021bii de Urgen\u021b\u0103 (ISU) Vaslui.La locul producerii accidentului au intervenit cu o autospecial\u0103 de stingere cu ap\u0103 \u0219i spum\u0103, o ambulan\u021b\u0103 SMURD tip B2 \u0219i o autospeciala de Terapie Intensiv\u0103 Mobil\u0103.&#8221;\u00cen accident au fost implicate dou\u0103 autoturisme \u00een care se aflau patru persoane. La sosirea echipajelor de interven\u021bie au fost g\u0103site dou\u0103 autoturisme avariate, o persoan\u0103 fiind g\u0103sit\u0103 \u00eencarcerat\u0103 \u0219i politraumatizat\u0103. Concomitent cu opera\u021biunile pentru descarcerare au fost \u00eencepute \u0219i manevrele de resuscitare, victima afl\u00e2ndu-se \u00een stare de incon\u0219tien\u021b\u0103.<\/p>\n<p>Dup\u0103 descarcerare, manevrele de resuscitare au fost continuate \u00een ambulan\u021ba pentru terapie intensiv\u0103 mobil\u0103, \u00eens\u0103 dup\u0103 mai mult de o or\u0103, medicul a fost nevoit s\u0103 declare decesul b\u0103rbatului \u00een v\u00e2rst\u0103 de 54 de ani. Celelalte trei persoane au fost evaluate, \u00eens\u0103 nu au necesitat \u00eengrijiri de specialitate&#8221;, a declarat purt\u0103torul de cuv\u00e2nt al ISU Vaslui, Marius Stanciu.<\/p>\n<p><a href=\"https:\/\/www.realitatea.net\/stiri\/actual\/dezvaluiri-cumplite-despre-soferul-care-a-produs-accidentul-cumplit-din-campia-turzii-fiul-de-milionar-facea-liniute-pe-sosea-doi-copii-au-ramas-fara-mama_67baba499b29ce18d836e182\" target=\"_blank\">Dezv\u0103luiri cumplite despre \u0219oferul care a produs accidentul din C\u00e2mpia Turzii: fiul de milionar f\u0103cea liniu\u021be pe \u0219osea. Doi copii au r\u0103mas f\u0103r\u0103 mam\u0103<\/a><\/p>","protected":false},"excerpt":{"rendered":"<p>Un b\u0103rbat a decedat, duminic\u0103 diminea\u021b\u0103, \u00een urma unui accident \u00een care au fost implicate&hellip;<\/p>\n","protected":false},"author":0,"featured_media":34104,"comment_status":"open","ping_status":"open","sticky":false,"template":"","format":"standard","meta":{"footnotes":""},"categories":[2],"tags":[],"class_list":["post-34103","post","type-post","status-publish","format-standard","has-post-thumbnail","hentry","category-actual"],"_links":{"self":[{"href":"https:\/\/247stiri.ro\/index.php\/wp-json\/wp\/v2\/posts\/34103","targetHints":{"allow":["GET"]}}],"collection":[{"href":"https:\/\/247stiri.ro\/index.php\/wp-json\/wp\/v2\/posts"}],"about":[{"href":"https:\/\/247stiri.ro\/index.php\/wp-json\/wp\/v2\/types\/post"}],"replies":[{"embeddable":true,"href":"https:\/\/247stiri.ro\/index.php\/wp-json\/wp\/v2\/comments?post=34103"}],"version-history":[{"count":0,"href":"https:\/\/247stiri.ro\/index.php\/wp-json\/wp\/v2\/posts\/34103\/revisions"}],"wp:featuredmedia":[{"embeddable":true,"href":"https:\/\/247stiri.ro\/index.php\/wp-json\/wp\/v2\/media\/34104"}],"wp:attachment":[{"href":"https:\/\/247stiri.ro\/index.php\/wp-json\/wp\/v2\/media?parent=34103"}],"wp:term":[{"taxonomy":"category","embeddable":true,"href":"https:\/\/247stiri.ro\/index.php\/wp-json\/wp\/v2\/categories?post=34103"},{"taxonomy":"post_tag","embeddable":true,"href":"https:\/\/247stiri.ro\/index.php\/wp-json\/wp\/v2\/tags?post=34103"}],"curies":[{"name":"wp","href":"https:\/\/api.w.org\/{rel}","templated":true}]}}