{"id":34105,"date":"2025-02-23T10:44:49","date_gmt":"2025-02-23T10:44:49","guid":{"rendered":"https:\/\/247stiri.ro\/index.php\/2025\/02\/23\/cetatea-lui-vlad-tepes-va-fi-redeschisa-publicului-de-cand-poate-fi-vizitata-cetatea-poenari-in-urma-finalizarii-proiectului-de-conservare-si-consolidare\/"},"modified":"2025-02-23T10:44:49","modified_gmt":"2025-02-23T10:44:49","slug":"cetatea-lui-vlad-tepes-va-fi-redeschisa-publicului-de-cand-poate-fi-vizitata-cetatea-poenari-in-urma-finalizarii-proiectului-de-conservare-si-consolidare","status":"publish","type":"post","link":"https:\/\/247stiri.ro\/index.php\/2025\/02\/23\/cetatea-lui-vlad-tepes-va-fi-redeschisa-publicului-de-cand-poate-fi-vizitata-cetatea-poenari-in-urma-finalizarii-proiectului-de-conservare-si-consolidare\/","title":{"rendered":"Cetatea lui Vlad \u021aepe\u0219 va fi redeschis\u0103 publicului. De c\u00e2nd poate fi vizitat\u0103 Cetatea Poenari, \u00een urma finalizarii proiectului de conservare \u0219i consolidare?"},"content":{"rendered":"<p>\u00cen prim\u0103var\u0103 va fi redeschis\u0103 publicului Cetatea Poienari din apropierea Barajului Vidraru, celebra cetate a lui Vlad \u021aepe\u0219. Aceasta a fost ridicat\u0103 la ordinul lui \u021aepe\u0219 \u0219i este, de fapt, adev\u0103rata cas\u0103 a personajului istoric care a dat na\u0219tere legendei vampirului, scrie\u00a0<a href=\"https:\/\/adevarul.ro\/stiri-locale\/pitesti\/cand-se-redeschide-adevarata-cetate-a-lui-vlad-2423880.html\">adev\u0103rul.ro<\/a>. Contele Dracula este unul dintre cele mai universale personaje fictive \u0219i are o leg\u0103tur\u0103 cu realitatea \u00een figura lui Vlad \u021aepe\u0219, un domnitor din \u021aara Rom\u00e2neasc\u0103 (azi Rom\u00e2nia) care a tr\u0103it \u00een secolul al XV-lea.<\/p>\n<p class=\"svelte-uzyam9\">Consiliul Jude\u021bean Arge\u0219 a finalizat lucr\u0103rile la un nou obiectiv istoric de importan\u021b\u0103 major\u0103, cetatea Poienari de la Arefu, cunoscut\u0103 la nivel global ca adev\u0103rata cetate a lui Vlad \u021aepe\u0219. Proiectul de consolidare \u0219i conservare, ini\u021biat \u00een vara lui 2022, a adus modific\u0103ri esen\u021biale: protec\u021bia superioar\u0103 a zidurilor a fost ref\u0103cut\u0103, unele por\u021biuni de ziduri au fost re\u00eentregite, iar interven\u021biile de stopare a umidit\u0103\u021bii au \u00eembun\u0103t\u0103\u021bit semnificativ structura monumentului.<\/p>\n<p class=\"svelte-uzyam9\">Totodat\u0103, traseele de vizitare \u0219i scara de acces la cetate au fost reabilitate, iar turnul central beneficiaz\u0103 acum de o cupol\u0103 din sticl\u0103, menit\u0103 s\u0103-l protejeze de intemperii \u0219i s\u0103-i ofere o not\u0103 modern\u0103. Redeschiderea cet\u0103\u021bii Poienari pentru public va fi \u00een s\u0103pt\u0103m\u00e2na 14-20 aprilie 2025.<\/p>\n<p>Proiectul cost\u0103\u00a023,2 milioane lei<\/p>\n<p class=\"svelte-uzyam9\">\u201eInten\u021bion\u0103m s\u0103 redeschidem cetatea Poienari \u00een S\u0103pt\u0103m\u00e2na Mare \u0219i s\u0103 organiz\u0103m o conferin\u021b\u0103 de pres\u0103 pe 14 aprilie\u201d,\u00a0a declarat Adrian Bughiu, pre\u0219edintele Consiliului Jude\u021bean Arge\u0219. Proiectul a fost realizat printr-un contract de finan\u021bare \u00een valoare de 23,2 milioane lei, din care 9,6 milioane lei sunt nerambursabile.<\/p>\n<p class=\"svelte-uzyam9\">P\u00e2n\u0103 \u00een 2019, cetatea a \u00eenregistrat aproximativ 100.000 de vizitatori, iar autorit\u0103\u021bile estimeaz\u0103 c\u0103 redeschiderea va determina cel pu\u021bin o dublare a acestui num\u0103r.\u00a0Administrat\u0103 de Muzeul Jude\u021bean Arge\u0219 din 2010, cetatea Poienari rena\u0219te ast\u0103zi, devenind un veritabil punct de atrac\u021bie na\u021bional\u0103 \u0219i o m\u0103rturie vie a istoriei.<\/p>\n<p>Despre Cetatea lui Vlad \u021aepe\u0219\u00a0<\/p>\n<p class=\"svelte-uzyam9\">Cunoscut\u0103 \u0219i sub numele de Cetatea lui Vlad\u00a0\u021aepe\u0219\u00a0sau Cetatea lui Negru Vod\u0103, Cetatea Poienari este o \u00eenc\u00e2nt\u0103toare fort\u0103rea\u021b\u0103 medieval\u0103, aflat\u0103 \u00een v\u00e2rf de munte, la 25 de kilometri de Curtea de Arge\u0219. Cetatea Poienari a fost pentru prima dat\u0103 men\u021bionat\u0103 documentar \u00een anul 1453. Ini\u021bial, pe vremea lui Negru Vod\u0103, a fost construit un singur turn. Ulterior, construc\u021bia a fost dezvoltat\u0103 \u00een scop de refugiu de c\u0103tre Vlad \u021aepe\u0219, ad\u0103ug\u00e2ndu-i-se turnuri, ziduri \u0219i dependin\u021be.<\/p>\n<p class=\"svelte-uzyam9\">Cetatea\u00a0Poienari a fost re\u0219edin\u021ba secundar\u0103 a lui Vlad \u021aepe\u0219, fiind construit\u0103 ca post de fort\u0103rea\u021b\u0103 contra otomanilor. Cetatea are o form\u0103 alungit\u0103, ziduri puternice (cu o grosime de 2-3 metri) \u0219i posed\u0103 5 turnuri, 4 rotunde \u0219i unul prismatic. De-a lungul timpului, cetatea a avut o utilizare complex\u0103, servind ca loc de ad\u0103postire a domnilor, a vistieriei \u0163\u0103rii, dar \u015fi de temni\u0163\u0103 pentru boierii vinova\u0163i de \u201ehiclenie&#8221;.<\/p>\n<p>Cum se ajunge la Cetate\u00a0<\/p>\n<p class=\"svelte-uzyam9\">La Cetatea Poienari se poate ajunge urc\u00e2nd o scar\u0103 cu 1.480 de trepte din beton, care \u015ferpuiesc printr-o p\u0103dure deas\u0103 de fag. Priveli\u0219tea de sus este impresionant\u0103 \u0219i v\u0103 va recompensa pe deplin efortul. Odat\u0103 urcate cele 1480 de trepte zidite p\u00e2n\u0103 \u00een coama dealului, de la \u00een\u0103l\u0163imea cet\u0103\u0163ii pot fi admirate priveli\u0219tile frumoase ale v\u0103ii Arge\u0219ului, Barajul Vidraru \u0219i Mun\u021bii F\u0103g\u0103ra\u0219.<\/p>\n<p class=\"svelte-uzyam9\">Cite\u0219te \u00eentreg articolul pe\u00a0<a href=\"https:\/\/adevarul.ro\/stiri-locale\/pitesti\/cand-se-redeschide-adevarata-cetate-a-lui-vlad-2423880.html\">adev\u0103rul.ro<\/a>.\u00a0<\/p>\n<p class=\"svelte-uzyam9\">sursa foto: Cetateapoenari.ro<\/p>","protected":false},"excerpt":{"rendered":"<p>\u00cen prim\u0103var\u0103 va fi redeschis\u0103 publicului Cetatea Poienari din apropierea Barajului Vidraru, celebra cetate a&hellip;<\/p>\n","protected":false},"author":0,"featured_media":34098,"comment_status":"open","ping_status":"open","sticky":false,"template":"","format":"standard","meta":{"footnotes":""},"categories":[2],"tags":[],"class_list":["post-34105","post","type-post","status-publish","format-standard","has-post-thumbnail","hentry","category-actual"],"_links":{"self":[{"href":"https:\/\/247stiri.ro\/index.php\/wp-json\/wp\/v2\/posts\/34105","targetHints":{"allow":["GET"]}}],"collection":[{"href":"https:\/\/247stiri.ro\/index.php\/wp-json\/wp\/v2\/posts"}],"about":[{"href":"https:\/\/247stiri.ro\/index.php\/wp-json\/wp\/v2\/types\/post"}],"replies":[{"embeddable":true,"href":"https:\/\/247stiri.ro\/index.php\/wp-json\/wp\/v2\/comments?post=34105"}],"version-history":[{"count":0,"href":"https:\/\/247stiri.ro\/index.php\/wp-json\/wp\/v2\/posts\/34105\/revisions"}],"wp:featuredmedia":[{"embeddable":true,"href":"https:\/\/247stiri.ro\/index.php\/wp-json\/wp\/v2\/media\/34098"}],"wp:attachment":[{"href":"https:\/\/247stiri.ro\/index.php\/wp-json\/wp\/v2\/media?parent=34105"}],"wp:term":[{"taxonomy":"category","embeddable":true,"href":"https:\/\/247stiri.ro\/index.php\/wp-json\/wp\/v2\/categories?post=34105"},{"taxonomy":"post_tag","embeddable":true,"href":"https:\/\/247stiri.ro\/index.php\/wp-json\/wp\/v2\/tags?post=34105"}],"curies":[{"name":"wp","href":"https:\/\/api.w.org\/{rel}","templated":true}]}}