{"id":34106,"date":"2025-02-23T10:44:49","date_gmt":"2025-02-23T10:44:49","guid":{"rendered":"https:\/\/247stiri.ro\/index.php\/2025\/02\/23\/femeie-moarta-in-urma-unui-incendiu-izbucnit-intr-un-un-bloc-din-timisoara-alte-30-de-persoane-evacuate-din-cladire\/"},"modified":"2025-02-23T10:44:49","modified_gmt":"2025-02-23T10:44:49","slug":"femeie-moarta-in-urma-unui-incendiu-izbucnit-intr-un-un-bloc-din-timisoara-alte-30-de-persoane-evacuate-din-cladire","status":"publish","type":"post","link":"https:\/\/247stiri.ro\/index.php\/2025\/02\/23\/femeie-moarta-in-urma-unui-incendiu-izbucnit-intr-un-un-bloc-din-timisoara-alte-30-de-persoane-evacuate-din-cladire\/","title":{"rendered":"Femeie moart\u0103 \u00een urma unui incendiu izbucnit \u00eentr-un un bloc din Timi\u0219oara. Alte 30 de persoane evacuate din cl\u0103dire"},"content":{"rendered":"<p>Un incendiu puternic a izbucnit \u00een cursul nop\u021bii de s\u00e2mb\u0103t\u0103, 22 februarie, spre duminic\u0103, 23 februarie, la un apartament de la etajul 2 al unui bloc din Timi\u0219oara. O femeie de 72 de ani a ars de vie, iar 30 de oameni au p\u0103r\u0103sit cl\u0103direa.<\/p>\n<p>Conform <a href=\"https:\/\/www.tion.ro\/eveniment\/incendiu-in-piata-traian-din-timisoara-trupul-carbonizat-al-unei-femei-a-fost-gasit-intr-un-apartament-2011089\/\" target=\"_blank\">Tion<\/a>, dou\u0103 persoane, \u00eentre care \u0219i fiica decedatei, au fost duse la spital dup\u0103 ce au avut atacuri de panic\u0103. Circa 30 de oameni au p\u0103r\u0103sit imobilul.La fa\u021ba locului s-au deplasat pompierii \u0219i s-au prezentat cu 7 autospeciale de stingere, 2 autosc\u0103ri mecanice. \u00cen plus, au fost mobilizate \u0219i 3 autospeciale pentru transport persoane \u0219i victime multiple, dar \u0219i dou\u0103 echipaje SMURD.<\/p>\n<p>\u201eLa sosirea echipelor de interven\u021bie la locul evenimentului, incendiul se manifesta la de\u0219euri combustibile \u00eentr-un apartament pe o suprafa\u021b\u0103 de aproximativ 60 mp\u201d, au afirmat reprezentan\u021bii\u00a0 ISU Timi\u0219. Conform sursei citate, fl\u0103c\u0103rile au cuprins un apartament din Pia\u021ba Traian din Timi\u0219oara. Oamenii legii au deschis un dosar pentru ucidere din culp\u0103.<\/p>\n<p><a href=\"https:\/\/www.realitatea.net\/stiri\/actual\/136-de-turisti-au-fost-salvati-de-pe-munte-de-salvamontisti-in-ultimele-24-de-ore_67baeab541edf602f227a8e2\" target=\"_blank\">136 de turi\u0219ti au fost salva\u021bi de pe munte de salvamonti\u0219ti \u00een ultimele 24 de ore<\/a><\/p>","protected":false},"excerpt":{"rendered":"<p>Un incendiu puternic a izbucnit \u00een cursul nop\u021bii de s\u00e2mb\u0103t\u0103, 22 februarie, spre duminic\u0103, 23&hellip;<\/p>\n","protected":false},"author":0,"featured_media":34107,"comment_status":"open","ping_status":"open","sticky":false,"template":"","format":"standard","meta":{"footnotes":""},"categories":[2],"tags":[],"class_list":["post-34106","post","type-post","status-publish","format-standard","has-post-thumbnail","hentry","category-actual"],"_links":{"self":[{"href":"https:\/\/247stiri.ro\/index.php\/wp-json\/wp\/v2\/posts\/34106","targetHints":{"allow":["GET"]}}],"collection":[{"href":"https:\/\/247stiri.ro\/index.php\/wp-json\/wp\/v2\/posts"}],"about":[{"href":"https:\/\/247stiri.ro\/index.php\/wp-json\/wp\/v2\/types\/post"}],"replies":[{"embeddable":true,"href":"https:\/\/247stiri.ro\/index.php\/wp-json\/wp\/v2\/comments?post=34106"}],"version-history":[{"count":0,"href":"https:\/\/247stiri.ro\/index.php\/wp-json\/wp\/v2\/posts\/34106\/revisions"}],"wp:featuredmedia":[{"embeddable":true,"href":"https:\/\/247stiri.ro\/index.php\/wp-json\/wp\/v2\/media\/34107"}],"wp:attachment":[{"href":"https:\/\/247stiri.ro\/index.php\/wp-json\/wp\/v2\/media?parent=34106"}],"wp:term":[{"taxonomy":"category","embeddable":true,"href":"https:\/\/247stiri.ro\/index.php\/wp-json\/wp\/v2\/categories?post=34106"},{"taxonomy":"post_tag","embeddable":true,"href":"https:\/\/247stiri.ro\/index.php\/wp-json\/wp\/v2\/tags?post=34106"}],"curies":[{"name":"wp","href":"https:\/\/api.w.org\/{rel}","templated":true}]}}