{"id":34109,"date":"2025-02-23T10:44:50","date_gmt":"2025-02-23T10:44:50","guid":{"rendered":"https:\/\/247stiri.ro\/index.php\/2025\/02\/23\/saptamana-decisiva-pica-sau-nu-guvernul-ilegitim-george-simion-pregateste-caderea-guvernului-negocieri-stranse\/"},"modified":"2025-02-23T10:44:50","modified_gmt":"2025-02-23T10:44:50","slug":"saptamana-decisiva-pica-sau-nu-guvernul-ilegitim-george-simion-pregateste-caderea-guvernului-negocieri-stranse","status":"publish","type":"post","link":"https:\/\/247stiri.ro\/index.php\/2025\/02\/23\/saptamana-decisiva-pica-sau-nu-guvernul-ilegitim-george-simion-pregateste-caderea-guvernului-negocieri-stranse\/","title":{"rendered":"S\u0103pt\u0103m\u00e2n\u0103 decisiv\u0103: pic\u0103 sau nu guvernul ILEGITIM? George Simion preg\u0103te\u0219te c\u0103derea Guvernului &#8211; negocieri str\u00e2nse"},"content":{"rendered":"<p>Ar fi nevoie de toate voturile opozi\u021biei \u00een Parlament, dar \u0219i de o parte dintre voturile coali\u021biei pentru a trece mo\u021biunea \u00eempotriva Guvernului Ciolacu II.<\/p>\n<p>De\u0219i mo\u021biunea ar fi putut fi depus\u0103 \u0219i s\u0103pt\u0103m\u00e2na aceasta, pentru c\u0103 exist\u0103 num\u0103rul de semn\u0103turi necesare, a fost am\u00e2nat\u0103 aceast\u0103 depunere p\u00e2n\u0103 s\u0103pt\u0103m\u00e2na viitoare, pentru ca cei de la AUR s\u0103 aib\u0103 timp s\u0103 negocieze cu to\u021bi parlamentarii, s\u0103 se asigure c\u0103 au \u0219i num\u0103rul de voturi necesar \u00een plenul parlamentului ca acest document s\u0103 \u0219i treac\u0103, nu doar s\u0103 fie depus \u0219i dezb\u0103tut.<\/p>\n<p>Dac\u0103 cu cei din SOS \u0219i POT nu sunt emo\u021bii foarte mari, sunt ceva emo\u021bii la votul celor din USR. Chiar dac\u0103 o parte din partid \u0219i-ar dori s\u0103 sus\u021bin\u0103 acast\u0103 mo\u021biune, exist\u0103 \u0219i o parte care nu ar fi de acord. Elena Lasconi a f\u0103cut o aluzie la intrarea la guernare cu actuala coali\u021bie. Exist\u0103 \u0219i un plan paralel pentru cei din USR.<\/p>\n<p>De asemenea, ar fi nevoie \u0219i de o parte dintre voturile coali\u021biei. \u00cen coali\u021bia de guvernare s-au purtat cu siguran\u021b\u0103 negocieri. Liderii spuneau c\u0103 nu sunt \u00eengrijora\u021bi de aceast\u0103 mo\u021biune, inclusiv Marcel Ciolacu spunea c\u0103 e sigur c\u0103 nu va trece mo\u021biunea \u0219i nu \u00ee\u0219i va da demisia. Sursele Realitatea PLUS spun, \u00eens\u0103, c\u0103 premierul i-a chemat la Palatul Victoria pe cei de la minorit\u0103\u021bi pentru a se asigura c\u0103 nu va vota niciunul dintre ei aceast\u0103 mo\u021biune.<\/p>","protected":false},"excerpt":{"rendered":"<p>Ar fi nevoie de toate voturile opozi\u021biei \u00een Parlament, dar \u0219i de o parte dintre&hellip;<\/p>\n","protected":false},"author":0,"featured_media":34102,"comment_status":"open","ping_status":"open","sticky":false,"template":"","format":"standard","meta":{"footnotes":""},"categories":[2],"tags":[],"class_list":["post-34109","post","type-post","status-publish","format-standard","has-post-thumbnail","hentry","category-actual"],"_links":{"self":[{"href":"https:\/\/247stiri.ro\/index.php\/wp-json\/wp\/v2\/posts\/34109","targetHints":{"allow":["GET"]}}],"collection":[{"href":"https:\/\/247stiri.ro\/index.php\/wp-json\/wp\/v2\/posts"}],"about":[{"href":"https:\/\/247stiri.ro\/index.php\/wp-json\/wp\/v2\/types\/post"}],"replies":[{"embeddable":true,"href":"https:\/\/247stiri.ro\/index.php\/wp-json\/wp\/v2\/comments?post=34109"}],"version-history":[{"count":0,"href":"https:\/\/247stiri.ro\/index.php\/wp-json\/wp\/v2\/posts\/34109\/revisions"}],"wp:featuredmedia":[{"embeddable":true,"href":"https:\/\/247stiri.ro\/index.php\/wp-json\/wp\/v2\/media\/34102"}],"wp:attachment":[{"href":"https:\/\/247stiri.ro\/index.php\/wp-json\/wp\/v2\/media?parent=34109"}],"wp:term":[{"taxonomy":"category","embeddable":true,"href":"https:\/\/247stiri.ro\/index.php\/wp-json\/wp\/v2\/categories?post=34109"},{"taxonomy":"post_tag","embeddable":true,"href":"https:\/\/247stiri.ro\/index.php\/wp-json\/wp\/v2\/tags?post=34109"}],"curies":[{"name":"wp","href":"https:\/\/api.w.org\/{rel}","templated":true}]}}