{"id":34127,"date":"2025-02-23T11:48:06","date_gmt":"2025-02-23T11:48:06","guid":{"rendered":"https:\/\/247stiri.ro\/index.php\/2025\/02\/23\/vocea-romanilor-a-fost-auzita-ce-se-va-discuta-in-sedinta-csat\/"},"modified":"2025-02-23T11:48:06","modified_gmt":"2025-02-23T11:48:06","slug":"vocea-romanilor-a-fost-auzita-ce-se-va-discuta-in-sedinta-csat","status":"publish","type":"post","link":"https:\/\/247stiri.ro\/index.php\/2025\/02\/23\/vocea-romanilor-a-fost-auzita-ce-se-va-discuta-in-sedinta-csat\/","title":{"rendered":"Vocea rom\u00e2nilor a fost auzit\u0103: ce se va discuta \u00een \u0219edinta CSAT"},"content":{"rendered":"<p>Surse din Administra\u021bia Preziden\u021bial\u0103 spun c\u0103 \u0219edin\u021ba CSAT va fi convocat\u0103 s\u0103pt\u0103m\u00e2na urm\u0103toare, totul dup\u0103 ce declara\u021biile sfid\u0103toare ale pre\u0219edintelui CCR nu au f\u0103cut dec\u00e2t s\u0103 \u00eei revolte pe rom\u00e2ni.<\/p>\n<p>Ace\u0219tia au ie\u0219it \u00eenc\u0103 de la \u00eenceputul anului \u00een num\u0103r foarte mare \u00een strad\u0103 \u0219i vor continua s\u0103 o fac\u0103, pentru c\u0103 sunt nemul\u021bumi\u021bi c\u0103 au fost anulate alegerile preziden\u021biale, c\u0103 li s-a \u00eenc\u0103lcat dreptul de a-\u0219i alege singuri pre\u0219edintele \u0219i, de asemenea, c\u0103 nu au primit nicio explica\u021bie \u00een ceea ce prive\u0219te anularea procesului electoral.<\/p>\n<p>Astfel, potrivit informa\u021biilor pe care le avem, printre temele care vor fi abordate \u00een aceast\u0103 \u0219edin\u021b\u0103 se num\u0103r\u0103 \u0219i hot\u0103r\u00e2rea care a stat la baza anul\u0103rii alegerilor preziden\u021biale \u0219i, de asemenea, problematici de securitate pentru alegerile care urmeaz\u0103 \u00een luna mai a acestui an.<\/p>\n<p>\u00a0<\/p>","protected":false},"excerpt":{"rendered":"<p>Surse din Administra\u021bia Preziden\u021bial\u0103 spun c\u0103 \u0219edin\u021ba CSAT va fi convocat\u0103 s\u0103pt\u0103m\u00e2na urm\u0103toare, totul dup\u0103&hellip;<\/p>\n","protected":false},"author":0,"featured_media":34128,"comment_status":"open","ping_status":"open","sticky":false,"template":"","format":"standard","meta":{"footnotes":""},"categories":[2],"tags":[],"class_list":["post-34127","post","type-post","status-publish","format-standard","has-post-thumbnail","hentry","category-actual"],"_links":{"self":[{"href":"https:\/\/247stiri.ro\/index.php\/wp-json\/wp\/v2\/posts\/34127","targetHints":{"allow":["GET"]}}],"collection":[{"href":"https:\/\/247stiri.ro\/index.php\/wp-json\/wp\/v2\/posts"}],"about":[{"href":"https:\/\/247stiri.ro\/index.php\/wp-json\/wp\/v2\/types\/post"}],"replies":[{"embeddable":true,"href":"https:\/\/247stiri.ro\/index.php\/wp-json\/wp\/v2\/comments?post=34127"}],"version-history":[{"count":0,"href":"https:\/\/247stiri.ro\/index.php\/wp-json\/wp\/v2\/posts\/34127\/revisions"}],"wp:featuredmedia":[{"embeddable":true,"href":"https:\/\/247stiri.ro\/index.php\/wp-json\/wp\/v2\/media\/34128"}],"wp:attachment":[{"href":"https:\/\/247stiri.ro\/index.php\/wp-json\/wp\/v2\/media?parent=34127"}],"wp:term":[{"taxonomy":"category","embeddable":true,"href":"https:\/\/247stiri.ro\/index.php\/wp-json\/wp\/v2\/categories?post=34127"},{"taxonomy":"post_tag","embeddable":true,"href":"https:\/\/247stiri.ro\/index.php\/wp-json\/wp\/v2\/tags?post=34127"}],"curies":[{"name":"wp","href":"https:\/\/api.w.org\/{rel}","templated":true}]}}