{"id":34143,"date":"2025-02-23T12:45:13","date_gmt":"2025-02-23T12:45:13","guid":{"rendered":"https:\/\/247stiri.ro\/index.php\/2025\/02\/23\/functionarii-publici-ar-putea-fi-evaluati-anual-in-vederea-performantelor-profesionale-proiectul-a-fost-deja-depus-la-parlament\/"},"modified":"2025-02-23T12:45:13","modified_gmt":"2025-02-23T12:45:13","slug":"functionarii-publici-ar-putea-fi-evaluati-anual-in-vederea-performantelor-profesionale-proiectul-a-fost-deja-depus-la-parlament","status":"publish","type":"post","link":"https:\/\/247stiri.ro\/index.php\/2025\/02\/23\/functionarii-publici-ar-putea-fi-evaluati-anual-in-vederea-performantelor-profesionale-proiectul-a-fost-deja-depus-la-parlament\/","title":{"rendered":"Func\u021bionarii publici ar putea fi evalua\u021bi anual \u00een vederea performan\u021belor profesionale. Proiectul a fost deja depus la Parlament"},"content":{"rendered":"<p>Proiectul, semnat de 55 parlamentari PSD \u0219i ai minorit\u0103\u021bilor na\u021bionale, \u00eentre care \u0219i de premierul Marcel Ciolacu, propune modificarea \u0219i completarea, \u00een acest sens, a Ordonan\u021bei de urgen\u021b\u0103 a Guvernului nr.57\/2019 privind Codul administrativ.Potrivit proiectului de act normativ, &#8222;procesul de evaluare a performan\u021belor profesionale individuale ale func\u021bionarilor publici de execu\u021bie \u0219i a func\u021bionarilor publici de conducere reprezint\u0103 aprecierea obiectiv\u0103 a cuno\u0219tin\u021belor teoretice actualizate privind actele normative care reglementeaz\u0103 activit\u0103\u021bile a c\u0103ror \u00eendeplinire este cerut\u0103 conform fi\u0219ei postului \u0219i a performan\u021belor profesionale individuale ale func\u021bionarilor publici, prin compararea gradului \u0219i a modului de \u00eendeplinire a obiectivelor individuale \u0219i a criteriilor de performan\u021b\u0103 stabilite cu rezultatele ob\u021binute \u00een mod efectiv de c\u0103tre func\u021bionarul public&#8221;.Evaluarea performan\u021belor profesionale individuale ale func\u021bionarilor publici va cuprinde, pe l\u00e2ng\u0103 evaluarea gradului \u0219i a modului de atingere a obiectivelor individuale \u0219i a gradului de \u00eendeplinire a criteriilor de performan\u021b\u0103, \u0219i evaluarea, prin verificarea \u00een scris, a cuno\u0219tin\u021belor teoretice actualizate privind actele normative care reglementeaz\u0103 activit\u0103\u021bile a c\u0103ror \u00eendeplinire este cerut\u0103 conform fi\u0219ei postului func\u021bionarului public, prevede proiectul.&#8221;Evaluarea prev\u0103zut\u0103 \u00een codul administrativ se realizeaz\u0103 anual, \u00een scopul aprecierii cuno\u0219tin\u021belor teoretice actualizate privind actele normative care reglementeaz\u0103 activit\u0103\u021bile a c\u0103ror \u00eendeplinire este cerut\u0103 conform fi\u0219ei postului func\u021bionarului public \u0219i a performan\u021belor ob\u021binute, prin raportarea rezultatelor ob\u021binute \u00een mod efectiv \u0219i a criteriilor de performan\u021b\u0103 la obiectivele stabilite&#8221;, mai stipuleaz\u0103 documentul.<\/p>\n<p><a href=\"https:\/\/www.realitatea.net\/stiri\/actual\/cade-sau-nu-guvernul-ilegitim-saptamana-decisiva-george-simion-pregateste-caderea-guvernului-negocieri-stranse_67baefa1e16f4e56f05bde72\" target=\"_blank\">S\u0103pt\u0103m\u00e2n\u0103 decisiv\u0103: pic\u0103 sau nu guvernul ILEGITIM? George Simion preg\u0103te\u0219te c\u0103derea Guvernului &#8211; negocieri str\u00e2nse<\/a><\/p>\n<p>Proiectul prevede c\u0103 verificarea cuno\u0219tin\u021belor teoretice se va face la sediul autorit\u0103\u021bii sau a institu\u021biei publice, se va desf\u0103\u0219ura \u00een prezen\u021ba persoanei competente a stabili \u00eentreb\u0103rile sau a unui func\u021bionar public delegat de persoana competent\u0103 pentru a asista pe durata desf\u0103\u0219ur\u0103rii procedurii. Func\u021bionarului public i se va prezenta documentul con\u021bin\u00e2nd \u00eentreb\u0103rile la care va r\u0103spunde \u00een scris \u0219i timpul alocat pentru a r\u0103spunde.Fiecare r\u0103spuns va fi evaluat cu note de la 1 la 5, fiind acordat\u0103 c\u00e2te o not\u0103 final\u0103 de c\u0103tre fiecare membru al comisiei de evaluare, stabilit\u0103 ca medie aritmetic\u0103 a notelor pentru r\u0103spunsul la fiecare \u00eentrebare.Ob\u021binerea unei note mai mici de 3 la verificarea cuno\u0219tin\u021belor teoretice actualizate privind actele normative care reglementeaz\u0103 activit\u0103\u021bile a c\u0103ror \u00eendeplinire este cerut\u0103 conform fi\u0219ei postului func\u021bionarului public atrage acordarea calificativului nesatisf\u0103c\u0103tor.Prevederile se aplic\u0103 \u00eenal\u021bilor func\u021bionari publici, func\u021bionarilor publici de execu\u021bie \u0219i conducere, precum \u0219i func\u021bionarilor publici debutan\u021bi.<\/p>\n<p><a href=\"https:\/\/www.realitatea.net\/stiri\/actual\/statul-cauta-solutii-pentru-romanii-vulnerabili-numarul-restantierilor-la-intretinere-creste-alarmant_67bafe849e7d7656644b981d\" target=\"_blank\">Statul caut\u0103 solu\u021bii pentru rom\u00e2nii vulnerabili. Num\u0103rul restan\u021bierilor la \u00eentre\u021binere cre\u0219te ALARMANT<\/a><\/p>\n<p>Continuarea pe <a href=\"https:\/\/agerpres.ro\/politic\/2025\/02\/23\/proiect-functionarii-publici-sa-fie-evaluati-anual-si-prin-verificarea-in-scris-a-cunostintelor-teor--1424916\" target=\"_blank\">Agerpres.<\/a><\/p>","protected":false},"excerpt":{"rendered":"<p>Proiectul, semnat de 55 parlamentari PSD \u0219i ai minorit\u0103\u021bilor na\u021bionale, \u00eentre care \u0219i de premierul&hellip;<\/p>\n","protected":false},"author":0,"featured_media":34136,"comment_status":"open","ping_status":"open","sticky":false,"template":"","format":"standard","meta":{"footnotes":""},"categories":[2],"tags":[],"class_list":["post-34143","post","type-post","status-publish","format-standard","has-post-thumbnail","hentry","category-actual"],"_links":{"self":[{"href":"https:\/\/247stiri.ro\/index.php\/wp-json\/wp\/v2\/posts\/34143","targetHints":{"allow":["GET"]}}],"collection":[{"href":"https:\/\/247stiri.ro\/index.php\/wp-json\/wp\/v2\/posts"}],"about":[{"href":"https:\/\/247stiri.ro\/index.php\/wp-json\/wp\/v2\/types\/post"}],"replies":[{"embeddable":true,"href":"https:\/\/247stiri.ro\/index.php\/wp-json\/wp\/v2\/comments?post=34143"}],"version-history":[{"count":0,"href":"https:\/\/247stiri.ro\/index.php\/wp-json\/wp\/v2\/posts\/34143\/revisions"}],"wp:featuredmedia":[{"embeddable":true,"href":"https:\/\/247stiri.ro\/index.php\/wp-json\/wp\/v2\/media\/34136"}],"wp:attachment":[{"href":"https:\/\/247stiri.ro\/index.php\/wp-json\/wp\/v2\/media?parent=34143"}],"wp:term":[{"taxonomy":"category","embeddable":true,"href":"https:\/\/247stiri.ro\/index.php\/wp-json\/wp\/v2\/categories?post=34143"},{"taxonomy":"post_tag","embeddable":true,"href":"https:\/\/247stiri.ro\/index.php\/wp-json\/wp\/v2\/tags?post=34143"}],"curies":[{"name":"wp","href":"https:\/\/api.w.org\/{rel}","templated":true}]}}