{"id":34144,"date":"2025-02-23T12:45:13","date_gmt":"2025-02-23T12:45:13","guid":{"rendered":"https:\/\/247stiri.ro\/index.php\/2025\/02\/23\/marcel-ciolacu-orice-om-responsabil-isi-doreste-o-pace-justa-si-durabila-in-ucraina-romanii-au-platit-scump-din-punct-de-vedere-economic-efectele-acestui-conflict\/"},"modified":"2025-02-23T12:45:13","modified_gmt":"2025-02-23T12:45:13","slug":"marcel-ciolacu-orice-om-responsabil-isi-doreste-o-pace-justa-si-durabila-in-ucraina-romanii-au-platit-scump-din-punct-de-vedere-economic-efectele-acestui-conflict","status":"publish","type":"post","link":"https:\/\/247stiri.ro\/index.php\/2025\/02\/23\/marcel-ciolacu-orice-om-responsabil-isi-doreste-o-pace-justa-si-durabila-in-ucraina-romanii-au-platit-scump-din-punct-de-vedere-economic-efectele-acestui-conflict\/","title":{"rendered":"Marcel Ciolacu: Orice om responsabil \u00ee\u015fi dore\u015fte o pace just\u0103 \u015fi durabil\u0103 \u00een Ucraina. Rom\u00e2nii au pl\u0103tit scump, din punct de vedere economic, efectele acestui conflict"},"content":{"rendered":"<p>\u201dOrice om responsabil \u00ee\u015fi dore\u015fte o pace just\u0103 \u015fi durabil\u0103 \u00een Ucraina. Sunt convins c\u0103, \u00een ciuda retoricii politice dure din ultimele zile, demersurile pentru \u00eencheierea r\u0103zboiului vor avea succes\u201d, a afirmat Marcel Ciolacu, duminic\u0103, \u00eentr-o postare pe Facebook.<\/p>\n<p>Premierul a ad\u0103ugat c\u0103 \u201drom\u00e2nii au pl\u0103tit scump, din punct de vedere economic, efectele acestui conflict\u201d.<\/p>\n<p>\u201dEste timpul s\u0103 ne g\u00e2ndim la o epoc\u0103 post-r\u0103zboi, f\u0103r\u0103 pre\u0163uri aberante la energie \u015fi gaze, \u00een care Rom\u00e2nia revine, al\u0103turi de \u00eentreaga Europ\u0103, la prosperitate economic\u0103. \u015ei \u00een care firmele rom\u00e2ne\u015fti vor juca un rol important \u00een reconstruc\u0163ia Ucrainei, cel mai mare proiect economic al urm\u0103torilor ani\u201d, a transmis el.<\/p>","protected":false},"excerpt":{"rendered":"<p>\u201dOrice om responsabil \u00ee\u015fi dore\u015fte o pace just\u0103 \u015fi durabil\u0103 \u00een Ucraina. Sunt convins c\u0103,&hellip;<\/p>\n","protected":false},"author":0,"featured_media":34145,"comment_status":"open","ping_status":"open","sticky":false,"template":"","format":"standard","meta":{"footnotes":""},"categories":[2],"tags":[],"class_list":["post-34144","post","type-post","status-publish","format-standard","has-post-thumbnail","hentry","category-actual"],"_links":{"self":[{"href":"https:\/\/247stiri.ro\/index.php\/wp-json\/wp\/v2\/posts\/34144","targetHints":{"allow":["GET"]}}],"collection":[{"href":"https:\/\/247stiri.ro\/index.php\/wp-json\/wp\/v2\/posts"}],"about":[{"href":"https:\/\/247stiri.ro\/index.php\/wp-json\/wp\/v2\/types\/post"}],"replies":[{"embeddable":true,"href":"https:\/\/247stiri.ro\/index.php\/wp-json\/wp\/v2\/comments?post=34144"}],"version-history":[{"count":0,"href":"https:\/\/247stiri.ro\/index.php\/wp-json\/wp\/v2\/posts\/34144\/revisions"}],"wp:featuredmedia":[{"embeddable":true,"href":"https:\/\/247stiri.ro\/index.php\/wp-json\/wp\/v2\/media\/34145"}],"wp:attachment":[{"href":"https:\/\/247stiri.ro\/index.php\/wp-json\/wp\/v2\/media?parent=34144"}],"wp:term":[{"taxonomy":"category","embeddable":true,"href":"https:\/\/247stiri.ro\/index.php\/wp-json\/wp\/v2\/categories?post=34144"},{"taxonomy":"post_tag","embeddable":true,"href":"https:\/\/247stiri.ro\/index.php\/wp-json\/wp\/v2\/tags?post=34144"}],"curies":[{"name":"wp","href":"https:\/\/api.w.org\/{rel}","templated":true}]}}