{"id":34149,"date":"2025-02-23T13:45:39","date_gmt":"2025-02-23T13:45:39","guid":{"rendered":"https:\/\/247stiri.ro\/index.php\/2025\/02\/23\/un-barbat-a-furat-tableta-unei-persoane-cu-dizabilitati-in-timp-ce-o-ajuta-sa-ajunga-la-toaleta\/"},"modified":"2025-02-23T13:45:39","modified_gmt":"2025-02-23T13:45:39","slug":"un-barbat-a-furat-tableta-unei-persoane-cu-dizabilitati-in-timp-ce-o-ajuta-sa-ajunga-la-toaleta","status":"publish","type":"post","link":"https:\/\/247stiri.ro\/index.php\/2025\/02\/23\/un-barbat-a-furat-tableta-unei-persoane-cu-dizabilitati-in-timp-ce-o-ajuta-sa-ajunga-la-toaleta\/","title":{"rendered":"Un b\u0103rbat a furat tableta unei persoane cu dizabilit\u0103\u021bi, \u00een timp ce o ajuta s\u0103 ajung\u0103 la toalet\u0103"},"content":{"rendered":"<p>Conform publica\u021biei<a href=\"https:\/\/debraila.ro\/exclusiv-brailean-iertat-de-procurori-dupa-ce-a-furat-tableta-unei-persoane-cu-handicap-care-ii-ceruse-ajutorul-pentru-a-merge-la-toaleta-in-gara-o-gravitate-redusa-a-infractiu\/\" target=\"_blank\"> DeBr\u0103ila<\/a>, b\u0103rbatul de 39 de ani din V\u0103deni, jude\u021bul Br\u0103ila, a fost iertat de procurori. Procurorii au considerat c\u0103 infrac\u021biunea nu este at\u00e2t de grav\u0103 \u0219i au decis s\u0103 renun\u021be la urm\u0103rirea penal\u0103.<\/p>\n<p>\u00cent\u00e2mplarea a avut loc \u00een Gara Br\u0103ila, \u00een vara anului 2022. O persoan\u0103 aflat\u0103 \u00een scaun cu rotile i-a cerut ajutorul b\u0103rbatului pentru a merge la toalet\u0103. \u00cen timp ce s-a oferit s\u0103 dea o m\u00e2n\u0103 de ajutor, el a sesizat tableta aflat\u0103 \u00een saco\u0219a de pe sp\u0103tarul scaunului \u0219i a furat-o.<\/p>\n<p>\u00cen momentul \u00een care victima a sesizat dispari\u021bia dispozitivului, a alertat poli\u021bia. Oamenii legii au reu\u0219it s\u0103 dea de urma ho\u021bului \u00een scurt timp datorit\u0103 imaginilor surprinse de camerele de supraveghere. B\u0103rbatul a recunoscut c\u0103 a furat tableta. \u201eSe constat\u0103 o gravitate redus\u0103 a infrac\u021biunii s\u0103v\u00e2r\u0219ite \u015fi o periculozitate social\u0103 sc\u0103zut\u0103 a suspectului\u201d, a explicat procurorul care a decis s\u0103 renun\u021be la urm\u0103rirea penal\u0103. Solu\u021bia \u00een acest caz a fost confirmat\u0103 pe 18 februarie.<\/p>\n<p><a href=\"https:\/\/www.realitatea.net\/stiri\/actual\/tuberculoza-tot-mai-aproape-sa-fie-invinsa-un-nou-vaccin-rezultate-promitatoare-in-studiile-preclinice_67bb1b9bb2e5a92530425e82\" target=\"_blank\">Tuberculoza, tot mai aproape s\u0103 fie \u00eenvins\u0103. Un nou vaccin, rezultate promi\u0163\u0103toare \u00een studiile preclinice<\/a><\/p>","protected":false},"excerpt":{"rendered":"<p>Conform publica\u021biei DeBr\u0103ila, b\u0103rbatul de 39 de ani din V\u0103deni, jude\u021bul Br\u0103ila, a fost iertat&hellip;<\/p>\n","protected":false},"author":0,"featured_media":34150,"comment_status":"open","ping_status":"open","sticky":false,"template":"","format":"standard","meta":{"footnotes":""},"categories":[2],"tags":[],"class_list":["post-34149","post","type-post","status-publish","format-standard","has-post-thumbnail","hentry","category-actual"],"_links":{"self":[{"href":"https:\/\/247stiri.ro\/index.php\/wp-json\/wp\/v2\/posts\/34149","targetHints":{"allow":["GET"]}}],"collection":[{"href":"https:\/\/247stiri.ro\/index.php\/wp-json\/wp\/v2\/posts"}],"about":[{"href":"https:\/\/247stiri.ro\/index.php\/wp-json\/wp\/v2\/types\/post"}],"replies":[{"embeddable":true,"href":"https:\/\/247stiri.ro\/index.php\/wp-json\/wp\/v2\/comments?post=34149"}],"version-history":[{"count":0,"href":"https:\/\/247stiri.ro\/index.php\/wp-json\/wp\/v2\/posts\/34149\/revisions"}],"wp:featuredmedia":[{"embeddable":true,"href":"https:\/\/247stiri.ro\/index.php\/wp-json\/wp\/v2\/media\/34150"}],"wp:attachment":[{"href":"https:\/\/247stiri.ro\/index.php\/wp-json\/wp\/v2\/media?parent=34149"}],"wp:term":[{"taxonomy":"category","embeddable":true,"href":"https:\/\/247stiri.ro\/index.php\/wp-json\/wp\/v2\/categories?post=34149"},{"taxonomy":"post_tag","embeddable":true,"href":"https:\/\/247stiri.ro\/index.php\/wp-json\/wp\/v2\/tags?post=34149"}],"curies":[{"name":"wp","href":"https:\/\/api.w.org\/{rel}","templated":true}]}}