{"id":34151,"date":"2025-02-23T13:45:40","date_gmt":"2025-02-23T13:45:40","guid":{"rendered":"https:\/\/247stiri.ro\/index.php\/2025\/02\/23\/sebastian-burduja-anunt-major-pentru-energia-romaneasca-la-mintia-prinde-contur-cea-mai-mare-centrala-pe-gaz-din-ue\/"},"modified":"2025-02-23T13:45:40","modified_gmt":"2025-02-23T13:45:40","slug":"sebastian-burduja-anunt-major-pentru-energia-romaneasca-la-mintia-prinde-contur-cea-mai-mare-centrala-pe-gaz-din-ue","status":"publish","type":"post","link":"https:\/\/247stiri.ro\/index.php\/2025\/02\/23\/sebastian-burduja-anunt-major-pentru-energia-romaneasca-la-mintia-prinde-contur-cea-mai-mare-centrala-pe-gaz-din-ue\/","title":{"rendered":"Sebastian Burduja, anun\u021b major pentru energia rom\u00e2neasc\u0103: \u201dLa Mintia prinde contur cea mai mare central\u0103 pe gaz din UE\u201d"},"content":{"rendered":"<p>Sebastian Burduja a ar\u0103tat, \u00eentr-o postare pe Facebook, c\u0103 la Mintia, jude\u0163ul Hunedoara, \u201dprinde contur cea mai mare central\u0103 pe gaz din UE\u201d.<\/p>\n<p>El a explicat c\u0103, \u00een acest context, un transport agabaritic record pentru Rom\u00e2nia traverseaz\u0103 Vestul \u0163\u0103rii. Cu greutatea de 788 de tone, acesta se va efectua \u00een perioada 23 februarie &#8211; 4 martie, pe ruta: N\u0103dlac 1 PTF \u2013 DN 7 \u2013 N\u0103dlac 2 PTF &#8211; DN 7G \u2013 A1 \u2013 Giarmata \u2013 DJ 691 \u2013 Pi\u015fchia \u2013 DJ 691 \u2013 Alio\u015f \u2013 DJ 691 \u2013 Neudorf \u2013 DJ 682 \u2013 Lipova (str. Timi\u015forii \u2013 pod Lipova \u2013 DN 7) \u2013 DN 7 \u2013 Ilia \u2013 A1 \u2013 Grind \u2013 DN 68A \u2013 S\u0103c\u0103ma\u015f \u2013 DN7 \u2013 Termocentrala Mintia.<\/p>\n<p>Potrivit ministrului Energiei, convoiul agabaritic va transporta o turbin\u0103 de mari dimensiuni c\u0103tre Termocentrala Mintia, aflat\u0103 \u00een plin \u015fantier.<\/p>\n<p>Convoiul are o lungime total\u0103 de 120 de metri, l\u0103\u0163ime de 6 metri, \u00een\u0103l\u0163ime de 5,4 metri \u015fi greutate 788 de tone. Transportul face parte dintr-un contract ce cuprinde peste 250 de componente care au \u00eenceput s\u0103 fie livrate la Mintia \u00eenc\u0103 din luna iunie 2024 \u015fi au termene fixe de instalare pe funda\u0163ii.<\/p>\n<p>\u201dGuvernul Rom\u00e2niei, prin ini\u0163iativa Ministerului Energiei, a declarat proiectul \u00abCentrala electric\u0103 MASS Mintia\u00bb ca proiect de importan\u0163\u0103 na\u0163ional\u0103 \u00een domeniul energiei electrice. Aceast\u0103 decizie subliniaz\u0103 angajamentul autorit\u0103\u0163ilor de a asigura securitatea energetic\u0103 a \u0163\u0103rii, de a moderniza Sistemul Energetic Na\u0163ional (SEN) \u015fi de a sprijini dezvoltarea economic\u0103 prin investi\u0163ii strategice. Noua central\u0103, amplasat\u0103 \u00een jude\u0163ul Hunedoara, va func\u0163iona pe baza unor tehnologii moderne \u015fi eficiente, utiliz\u00e2nd turbine cu gaz \u015fi abur, cu o capacitate instalat\u0103 total\u0103 de 1,770 MW. Prin aceast\u0103 investi\u0163ie, estimat\u0103 la 1,4 miliarde de euro, se vor crea sute de locuri de munc\u0103 \u015fi se va contribui la reducerea emisiilor de gaze cu efect de ser\u0103, aliniindu-ne obiectivelor europene de decarbonizare. Centrala va produce anual aproximativ 12,159 GWh de energie electric\u0103, av\u00e2nd o durat\u0103 de via\u0163\u0103 proiectat\u0103 de 30 de ani\u201d, a detaliat Burduja, \u00een postarea sa.<\/p>\n<p>Potrivit acestuia, termocentrala Mintia ar urma s\u0103 fie pus\u0103 \u00een func\u0163iune \u00een totalitate \u00een 2026 \u015fi va deveni o component\u0103 vital\u0103 pentru sistemul electroenergetic na\u0163ional.<\/p>\n<p>\u201dFiecare MW nou pentru Rom\u00e2nia \u00eenseamn\u0103 \u015fansa rom\u00e2nilor \u015fi companiilor rom\u00e2ne\u015fti de a avea facturi mai mici \u015fi un pas \u00eenainte spre obiectivul nostru: Rom\u00e2nia, exportator de energie\u201d, a subliniat Burduja.<\/p>","protected":false},"excerpt":{"rendered":"<p>Sebastian Burduja a ar\u0103tat, \u00eentr-o postare pe Facebook, c\u0103 la Mintia, jude\u0163ul Hunedoara, \u201dprinde contur&hellip;<\/p>\n","protected":false},"author":0,"featured_media":34152,"comment_status":"open","ping_status":"open","sticky":false,"template":"","format":"standard","meta":{"footnotes":""},"categories":[2],"tags":[],"class_list":["post-34151","post","type-post","status-publish","format-standard","has-post-thumbnail","hentry","category-actual"],"_links":{"self":[{"href":"https:\/\/247stiri.ro\/index.php\/wp-json\/wp\/v2\/posts\/34151","targetHints":{"allow":["GET"]}}],"collection":[{"href":"https:\/\/247stiri.ro\/index.php\/wp-json\/wp\/v2\/posts"}],"about":[{"href":"https:\/\/247stiri.ro\/index.php\/wp-json\/wp\/v2\/types\/post"}],"replies":[{"embeddable":true,"href":"https:\/\/247stiri.ro\/index.php\/wp-json\/wp\/v2\/comments?post=34151"}],"version-history":[{"count":0,"href":"https:\/\/247stiri.ro\/index.php\/wp-json\/wp\/v2\/posts\/34151\/revisions"}],"wp:featuredmedia":[{"embeddable":true,"href":"https:\/\/247stiri.ro\/index.php\/wp-json\/wp\/v2\/media\/34152"}],"wp:attachment":[{"href":"https:\/\/247stiri.ro\/index.php\/wp-json\/wp\/v2\/media?parent=34151"}],"wp:term":[{"taxonomy":"category","embeddable":true,"href":"https:\/\/247stiri.ro\/index.php\/wp-json\/wp\/v2\/categories?post=34151"},{"taxonomy":"post_tag","embeddable":true,"href":"https:\/\/247stiri.ro\/index.php\/wp-json\/wp\/v2\/tags?post=34151"}],"curies":[{"name":"wp","href":"https:\/\/api.w.org\/{rel}","templated":true}]}}