{"id":34155,"date":"2025-02-23T13:45:41","date_gmt":"2025-02-23T13:45:41","guid":{"rendered":"https:\/\/247stiri.ro\/index.php\/2025\/02\/23\/patriarhul-daniel-a-transmis-un-mesaj-catre-papa-francisc-care-se-afla-internat-in-spital\/"},"modified":"2025-02-23T13:45:41","modified_gmt":"2025-02-23T13:45:41","slug":"patriarhul-daniel-a-transmis-un-mesaj-catre-papa-francisc-care-se-afla-internat-in-spital","status":"publish","type":"post","link":"https:\/\/247stiri.ro\/index.php\/2025\/02\/23\/patriarhul-daniel-a-transmis-un-mesaj-catre-papa-francisc-care-se-afla-internat-in-spital\/","title":{"rendered":"Patriarhul Daniel a transmis un mesaj c\u0103tre Papa Francisc, care se afl\u0103 internat \u00een spital"},"content":{"rendered":"<p>Patriarhul Bisericii Ortodoxe Rom\u00e2ne, Daniel, \u00eei ureaz\u0103 papei Francisc s\u0103n\u0103tate \u0219i putere s\u0103 dep\u0103\u0219easc\u0103 problemele cu care se confrunt\u0103.&#8221;\u00cen aceste momente de \u00eencercare, ne rug\u0103m Domnului Iisus Hristos, Doctorul sufletelor \u0219i al trupurilor noastre, s\u0103 vindece suferin\u021ba Sanctit\u0103\u021bii Voastre \u0219i s\u0103 v\u0103 d\u0103ruiasc\u0103 s\u0103n\u0103tate, astfel \u00eenc\u00e2t s\u0103 pute\u021bi relua activitatea pastoral\u0103 \u0219i misionar\u0103. \u00cen numele membrilor Sf\u00e2ntului Sinod, al clerului \u0219i al credincio\u0219ilor Bisericii Ortodoxe Rom\u00e2ne, dorim Sanctit\u0103\u021bii Voastre mult ajutor de la Dumnezeu pentru a dep\u0103\u0219i problemele de s\u0103n\u0103tate cu care v\u0103 confrunta\u021bi&#8221;, se arat\u0103 \u00een mesajul transmis de patriarhul Daniel.Suveranul pontif a fost internat \u00een spitalul Gemelli din Roma pe 14 februarie, dup\u0103 ce s-a confruntat cu dificult\u0103\u021bi respiratorii timp de mai multe zile \u0219i ulterior a fost diagnosticat cu pneumonie la ambii pl\u0103m\u00e2ni.S\u00e2mb\u0103t\u0103, Vaticanul a descris pentru prima dat\u0103 stare papei ca fiind critic\u0103, anun\u021b\u00e2nd c\u0103 Francisc, \u00een v\u00e2rst\u0103 de 88 de ani, a avut nevoie de oxigen suplimentar \u0219i de transfuzii de s\u00e2nge \u00een acea zi dup\u0103 o &#8222;criz\u0103 respiratorie astmatic\u0103 prelungit\u0103&#8221;<\/p>\n<p><a href=\"https:\/\/www.realitatea.net\/stiri\/actual\/vesti-bune-de-la-vatican-papa-francisc-a-petrecut-o-noapte-linistita-in-spital_67badcbc9fd2940f83507e92\" target=\"_blank\">Ve\u0219ti bune de la Vatican. Papa Francisc a petrecut o noapte \u201dlini\u015ftit\u0103\u201d \u00een spital<\/a><\/p>","protected":false},"excerpt":{"rendered":"<p>Patriarhul Bisericii Ortodoxe Rom\u00e2ne, Daniel, \u00eei ureaz\u0103 papei Francisc s\u0103n\u0103tate \u0219i putere s\u0103 dep\u0103\u0219easc\u0103 problemele&hellip;<\/p>\n","protected":false},"author":0,"featured_media":34156,"comment_status":"open","ping_status":"open","sticky":false,"template":"","format":"standard","meta":{"footnotes":""},"categories":[2],"tags":[],"class_list":["post-34155","post","type-post","status-publish","format-standard","has-post-thumbnail","hentry","category-actual"],"_links":{"self":[{"href":"https:\/\/247stiri.ro\/index.php\/wp-json\/wp\/v2\/posts\/34155","targetHints":{"allow":["GET"]}}],"collection":[{"href":"https:\/\/247stiri.ro\/index.php\/wp-json\/wp\/v2\/posts"}],"about":[{"href":"https:\/\/247stiri.ro\/index.php\/wp-json\/wp\/v2\/types\/post"}],"replies":[{"embeddable":true,"href":"https:\/\/247stiri.ro\/index.php\/wp-json\/wp\/v2\/comments?post=34155"}],"version-history":[{"count":0,"href":"https:\/\/247stiri.ro\/index.php\/wp-json\/wp\/v2\/posts\/34155\/revisions"}],"wp:featuredmedia":[{"embeddable":true,"href":"https:\/\/247stiri.ro\/index.php\/wp-json\/wp\/v2\/media\/34156"}],"wp:attachment":[{"href":"https:\/\/247stiri.ro\/index.php\/wp-json\/wp\/v2\/media?parent=34155"}],"wp:term":[{"taxonomy":"category","embeddable":true,"href":"https:\/\/247stiri.ro\/index.php\/wp-json\/wp\/v2\/categories?post=34155"},{"taxonomy":"post_tag","embeddable":true,"href":"https:\/\/247stiri.ro\/index.php\/wp-json\/wp\/v2\/tags?post=34155"}],"curies":[{"name":"wp","href":"https:\/\/api.w.org\/{rel}","templated":true}]}}