{"id":34170,"date":"2025-02-23T14:46:09","date_gmt":"2025-02-23T14:46:09","guid":{"rendered":"https:\/\/247stiri.ro\/index.php\/2025\/02\/23\/un-tanar-a-spart-sicriul-unei-femei-decedate-de-15-ani-spera-sa-se-imbogateasca\/"},"modified":"2025-02-23T14:46:09","modified_gmt":"2025-02-23T14:46:09","slug":"un-tanar-a-spart-sicriul-unei-femei-decedate-de-15-ani-spera-sa-se-imbogateasca","status":"publish","type":"post","link":"https:\/\/247stiri.ro\/index.php\/2025\/02\/23\/un-tanar-a-spart-sicriul-unei-femei-decedate-de-15-ani-spera-sa-se-imbogateasca\/","title":{"rendered":"Un t\u00e2n\u0103r a spart sicriul unei femei decedate de 15 ani. Spera s\u0103 se \u00eembog\u0103\u021beasc\u0103"},"content":{"rendered":"<p>\u201dIeri, 22 februarie, poli\u0163i\u015fti de la Poli\u0163ia Ora\u015fului Boc\u015fa au fost sesiza\u0163i de un b\u0103rbat din comuna Verme\u015f c\u0103 a g\u0103sit spart\u0103 cripta din cimitir unde era depus\u0103 bunica sa decedat\u0103 \u00een urm\u0103 cu 15 ani, iar sicriul din interior era sustras. La fa\u0163a locului s-a deplasat imediat un echipaj de poli\u0163ie care a constatat c\u0103 unul din pere\u0163ii criptei era spart, iar sicriul din interior lipsea\u201d, a transmis, duminic\u0103, IPJ Cara\u015f-Severin.<\/p>\n<p>Sursa citat\u0103 a precizat c\u0103, ulterior, la aproximativ 30 de metri de cript\u0103, \u00eentr-o zon\u0103 cu vegeta\u0163ie \u00eenalt\u0103, poli\u0163i\u015ftii au g\u0103sit sicriul cu osemintele persoanei decedate, dezmembrat.<\/p>\n<p>\u201dDe asemenea, s-a efectuat cercetarea la fa\u0163a locului, iar poli\u0163i\u015ftii au continuat cercet\u0103rile \u015fi investiga\u0163iile pentru identificarea persoanei care a comis fapta. \u00cen urma cercet\u0103rilor, \u00een aceea\u015fi zi, poli\u0163i\u015ftii au identificat un t\u00e2n\u0103r de 24 de ani din comun\u0103, b\u0103nuit c\u0103 ar fi comis fapta \u00eentruc\u00e2t ar fi auzit c\u0103 \u00een interiorul sicriului ar putea g\u0103si bunuri de valoare, neg\u0103sind, \u00eens\u0103, astfel de bunuri\u201d, a mai transmis sursa citat\u0103.<\/p>\n<p>Cercet\u0103rile sunt continuate \u00een acest caz pentru s\u0103v\u00e2r\u015firea infrac\u0163iunii de profanare de cadavre sau morminte, sub coordonarea procurorului de caz de la Parchetul de pe l\u00e2ng\u0103 Judec\u0103toria Re\u015fi\u0163a.<\/p>","protected":false},"excerpt":{"rendered":"<p>\u201dIeri, 22 februarie, poli\u0163i\u015fti de la Poli\u0163ia Ora\u015fului Boc\u015fa au fost sesiza\u0163i de un b\u0103rbat&hellip;<\/p>\n","protected":false},"author":0,"featured_media":34171,"comment_status":"open","ping_status":"open","sticky":false,"template":"","format":"standard","meta":{"footnotes":""},"categories":[2],"tags":[],"class_list":["post-34170","post","type-post","status-publish","format-standard","has-post-thumbnail","hentry","category-actual"],"_links":{"self":[{"href":"https:\/\/247stiri.ro\/index.php\/wp-json\/wp\/v2\/posts\/34170","targetHints":{"allow":["GET"]}}],"collection":[{"href":"https:\/\/247stiri.ro\/index.php\/wp-json\/wp\/v2\/posts"}],"about":[{"href":"https:\/\/247stiri.ro\/index.php\/wp-json\/wp\/v2\/types\/post"}],"replies":[{"embeddable":true,"href":"https:\/\/247stiri.ro\/index.php\/wp-json\/wp\/v2\/comments?post=34170"}],"version-history":[{"count":0,"href":"https:\/\/247stiri.ro\/index.php\/wp-json\/wp\/v2\/posts\/34170\/revisions"}],"wp:featuredmedia":[{"embeddable":true,"href":"https:\/\/247stiri.ro\/index.php\/wp-json\/wp\/v2\/media\/34171"}],"wp:attachment":[{"href":"https:\/\/247stiri.ro\/index.php\/wp-json\/wp\/v2\/media?parent=34170"}],"wp:term":[{"taxonomy":"category","embeddable":true,"href":"https:\/\/247stiri.ro\/index.php\/wp-json\/wp\/v2\/categories?post=34170"},{"taxonomy":"post_tag","embeddable":true,"href":"https:\/\/247stiri.ro\/index.php\/wp-json\/wp\/v2\/tags?post=34170"}],"curies":[{"name":"wp","href":"https:\/\/api.w.org\/{rel}","templated":true}]}}