{"id":34179,"date":"2025-02-23T15:44:58","date_gmt":"2025-02-23T15:44:58","guid":{"rendered":"https:\/\/247stiri.ro\/index.php\/2025\/02\/23\/crin-antonescu-anularea-alegerilor-e-fara-precedent-bolojan-ar-trebui-sa-comunice-o-data-clara-a-sedintei-csat\/"},"modified":"2025-02-23T15:44:58","modified_gmt":"2025-02-23T15:44:58","slug":"crin-antonescu-anularea-alegerilor-e-fara-precedent-bolojan-ar-trebui-sa-comunice-o-data-clara-a-sedintei-csat","status":"publish","type":"post","link":"https:\/\/247stiri.ro\/index.php\/2025\/02\/23\/crin-antonescu-anularea-alegerilor-e-fara-precedent-bolojan-ar-trebui-sa-comunice-o-data-clara-a-sedintei-csat\/","title":{"rendered":"Crin Antonescu: \u201dAnularea alegerilor e f\u0103r\u0103 precedent. Bolojan ar trebui s\u0103 comunice o dat\u0103 clar\u0103 a \u0219edin\u021bei CSAT\u201d"},"content":{"rendered":"<p>Candidatul coali\u021biei PSD-PNL-UDMR la pre\u0219edin\u021bia Rom\u00e2niei a subliniat c\u0103 \u00een nenum\u0103rate r\u00e2nduri a sus\u021binut faptul c\u0103 autorit\u0103\u021bile trebuie s\u0103 le comunice rom\u00e2nilor toate informa\u021biile cu privire la decizia judec\u0103torilor CCR de a anula alegerile preziden\u021biale.\u00a0<\/p>\n<p>\u201dEu m-am pronun\u021bat mai de mult, nu \u00een leg\u0103tur\u0103 neap\u0103rat cu acest CSAT, \u00een leg\u0103tur\u0103 cu faptul c\u0103 toate explica\u021biile de care dispun autorit\u0103\u021bile \u0219i care pot fi f\u0103cute publice trebuie s\u0103 fie f\u0103cute publice, pentru c\u0103 este tensiune \u00een societatea rom\u00e2neasc\u0103, pentru c\u0103 anularea acestor alegeri este f\u0103r\u0103 precedent, pentru c\u0103 nevoia de a avea c\u00e2t mai multe informa\u021bii \u0219i de a avea transparen\u021b\u0103 \u00een leg\u0103tur\u0103 cu aceast\u0103 decizie at\u00e2t de grav\u0103, at\u00e2t de important\u0103, este evident\u0103 pentru toat\u0103 lumea.\u00a0Eu nu \u0219tiu dac\u0103 mai sunt lucruri de desecretizat sau nu, dac\u0103 se pot desecretiza sau nu, nu am \u00een sensul acesta vreo expertiz\u0103. Ceea ce \u00een orice caz cred, e c\u0103 autorit\u0103\u021bile, pre\u0219edintele interimar, \u00een primul r\u00e2nd, ar trebui s\u0103 comunice cu date noi sau f\u0103r\u0103 date noi \u00eenc\u0103 o dat\u0103, de c\u00e2te ori se poate, \u00een leg\u0103tur\u0103 cu aceast\u0103 decizie a Cur\u021bii Constitu\u021bionale\u201d, a declarat Crin Antonescu, la Realitatea PLUS.<\/p>\n<p>\u00centrebat de ce crede c\u0103 Ilie Bolojan nu comunic\u0103 toate datele cu privire la decizia CCR de anulare a alegerilor, candidatul coali\u021biei la pre\u0219edin\u021bie a r\u0103spuns: \u201dNu \u0219tiu! Precizez \u00eenc\u0103 o dat\u0103 ca s\u0103 fie foarte limpede: Atunci c\u00e2nd s-a luat aceast\u0103 decizie eu eram departe. Eu de 10 ani nu de\u021bin nicio func\u021bie \u00een statul rom\u00e2n, c\u0103 nu am avut niciun fel de comunicare cu autorit\u0103\u021bile din Rom\u00e2nia \u00een leg\u0103tur\u0103 cu asta, am luat act de ele ca orice rom\u00e2n. Am v\u0103zut c\u0103 se organizeaz\u0103 alegeri preziden\u021biale, mi s-a propus o candidatur\u0103 \u0219i \u00eemi voi depune aceast\u0103 candidatur\u0103\u201d.<\/p>\n<p>De asemenea, Crin Antonescu a explicat \u0219i motivul pentru care a cerut convocarea de urgen\u021b\u0103 a CSAT \u0219i a men\u021bionat c\u0103 solicitarea sa nu are leg\u0103tur\u0103 cu decizia CCR.\u00a0<\/p>\n<p>\u201dEu nu cred c\u0103 \u00eei este team\u0103 cuiva. Pe site-ul CSAT exist\u0103 ni\u0219te documente care au fost atunci desecretizate, exist\u0103 interviul pe care pre\u0219edintele Cur\u021bii l-a acordat recent \u0219i \u00een care a explicat ce a stat la baza deciziei CCR, r\u0103m\u00e2n discu\u021bii, dezbateri \u00een \u00eentreaga societate \u00een leg\u0103tur\u0103 cu acest lucru.\u00a0<\/p>\n<p>Eu am solicictat convocarea urgent\u0103 a unui CSAT, nu \u00een leg\u0103tur\u0103 cu acest lucru, ci \u00een leg\u0103tur\u0103 cu discu\u021biile care ap\u0103reau pe surse \u00een leg\u0103tur\u0103 cu leg\u0103turile pe care le-ar fi avut cu Rom\u00e2nia, discu\u021biile dintre ru\u0219i \u0219i americani, la Riad. \u00cen sensul acesta am considerat c\u0103 un CSAT pentru a pune cap la cap toate informa\u021biile de care dispunem ar fi necesar, pentru a vedea \u00een ce m\u0103sur\u0103 situa\u021bia Rom\u00e2niei poate fi sau nu afectat\u0103 de aceast\u0103 situa\u021bie. Sigur, dac\u0103 exist\u0103 \u0219i \u00een leg\u0103tur\u0103 cu anularea alegerilor elemente noi, ar fi foarte bine ca ele s\u0103 fie f\u0103cute publice \u0219i probabil c\u0103 a\u0219a se va \u0219i \u00eent\u00e2mpla\u201d, a mai spus politicianul.\u00a0<\/p>","protected":false},"excerpt":{"rendered":"<p>Candidatul coali\u021biei PSD-PNL-UDMR la pre\u0219edin\u021bia Rom\u00e2niei a subliniat c\u0103 \u00een nenum\u0103rate r\u00e2nduri a sus\u021binut faptul&hellip;<\/p>\n","protected":false},"author":0,"featured_media":34178,"comment_status":"open","ping_status":"open","sticky":false,"template":"","format":"standard","meta":{"footnotes":""},"categories":[2],"tags":[],"class_list":["post-34179","post","type-post","status-publish","format-standard","has-post-thumbnail","hentry","category-actual"],"_links":{"self":[{"href":"https:\/\/247stiri.ro\/index.php\/wp-json\/wp\/v2\/posts\/34179","targetHints":{"allow":["GET"]}}],"collection":[{"href":"https:\/\/247stiri.ro\/index.php\/wp-json\/wp\/v2\/posts"}],"about":[{"href":"https:\/\/247stiri.ro\/index.php\/wp-json\/wp\/v2\/types\/post"}],"replies":[{"embeddable":true,"href":"https:\/\/247stiri.ro\/index.php\/wp-json\/wp\/v2\/comments?post=34179"}],"version-history":[{"count":0,"href":"https:\/\/247stiri.ro\/index.php\/wp-json\/wp\/v2\/posts\/34179\/revisions"}],"wp:featuredmedia":[{"embeddable":true,"href":"https:\/\/247stiri.ro\/index.php\/wp-json\/wp\/v2\/media\/34178"}],"wp:attachment":[{"href":"https:\/\/247stiri.ro\/index.php\/wp-json\/wp\/v2\/media?parent=34179"}],"wp:term":[{"taxonomy":"category","embeddable":true,"href":"https:\/\/247stiri.ro\/index.php\/wp-json\/wp\/v2\/categories?post=34179"},{"taxonomy":"post_tag","embeddable":true,"href":"https:\/\/247stiri.ro\/index.php\/wp-json\/wp\/v2\/tags?post=34179"}],"curies":[{"name":"wp","href":"https:\/\/api.w.org\/{rel}","templated":true}]}}