{"id":34182,"date":"2025-02-23T15:44:59","date_gmt":"2025-02-23T15:44:59","guid":{"rendered":"https:\/\/247stiri.ro\/index.php\/2025\/02\/23\/papa-francisc-apel-catre-credinciosi-de-pe-patul-de-spital-rugati-va-pentru-mine\/"},"modified":"2025-02-23T15:44:59","modified_gmt":"2025-02-23T15:44:59","slug":"papa-francisc-apel-catre-credinciosi-de-pe-patul-de-spital-rugati-va-pentru-mine","status":"publish","type":"post","link":"https:\/\/247stiri.ro\/index.php\/2025\/02\/23\/papa-francisc-apel-catre-credinciosi-de-pe-patul-de-spital-rugati-va-pentru-mine\/","title":{"rendered":"Papa Francisc, apel c\u0103tre credincio\u0219i de pe patul de spital: \u201dRuga\u021bi-v\u0103 pentru mine\u201d"},"content":{"rendered":"<p>Din cauza problemelor de s\u0103n\u0103tate, <a href=\"https:\/\/www.realitatea.net\/stiri\/actual\/vesti-bune-de-la-vatican-papa-francisc-a-petrecut-o-noapte-linistita-in-spital_67badcbc9fd2940f83507e92\" target=\"_blank\">Papa Francisc,<\/a> care se afl\u0103 internat \u00een spital \u00eenc\u0103 din data de 14 februarie, nu a putut rosti personal rug\u0103ciunea tradi\u021bional\u0103 Angelus pentru a doua duminic\u0103 consecutiv, \u00eens\u0103 le-a transmis catolicilor un mesaj.\u00a0<\/p>\n<p>\u201d\u00cemi continui cu \u00eencredere spitalizarea la Spitalul Gemelli, continu\u00e2nd tratamentul necesar; \u0219i odihna face parte din terapie! Le mul\u021bumesc sincer medicilor \u0219i personalului sanitar din acest spital pentru aten\u021bia pe care mi-o acord\u0103 \u0219i pentru d\u0103ruirea cu care \u00ee\u0219i desf\u0103\u0219oar\u0103 serviciul \u00een mijlocul bolnavilor\u201d, a spus el \u00een mesajul s\u0103u de pe patul de spital, publicat duminic\u0103 de Vatican.<\/p>\n<p>De asemenea, \u00een acela\u0219i mesaj publicat duminic\u0103, Papa le-a mul\u021bumit medicilor \u0219i personalului medical de la spital, precum \u0219i binevoitorilor care au trimis mesaje.<\/p>\n<p>\u201d\u00cen ultimele zile am primit multe mesaje de afec\u021biune \u0219i am fost deosebit de impresionat de scrisorile \u0219i desenele copiilor.V\u0103 mul\u021bumesc pentru aceast\u0103 apropiere \u0219i pentru rug\u0103ciunile de alinare pe care le-am primit din \u00eentreaga lume! V\u0103 \u00eencredin\u021bez pe to\u021bi mijlocirii Mariei \u0219i v\u0103 cer s\u0103 v\u0103 ruga\u021bi pentru mine\u201d, a transmis liderul Bisericii Catolice.\u00a0<\/p>\n<p>V\u0103 reamintim c\u0103 Papa Francisc urmeaz\u0103 un tratament \u00een spital pentru pneumonie dubl\u0103, dup\u0103 ce s\u00e2mb\u0103t\u0103, Vaticanul a descris pentru prima dat\u0103 starea sa ca fiind una critic\u0103. Suvernul Pontif a avut nevoie de oxigen suplimentar \u015fi de transfuzii sangvine \u00een acea zi.\u00a0<\/p>\n<p>\u201dNoaptea a fost lini\u015ftit\u0103, papa s-a odihnit\u201d, a precizat Vaticanul \u00een cel mai recent buletin informativ, dat publicit\u0103\u0163ii duminic\u0103 diminea\u0163\u0103.<\/p>","protected":false},"excerpt":{"rendered":"<p>Din cauza problemelor de s\u0103n\u0103tate, Papa Francisc, care se afl\u0103 internat \u00een spital \u00eenc\u0103 din&hellip;<\/p>\n","protected":false},"author":0,"featured_media":34176,"comment_status":"open","ping_status":"open","sticky":false,"template":"","format":"standard","meta":{"footnotes":""},"categories":[2],"tags":[],"class_list":["post-34182","post","type-post","status-publish","format-standard","has-post-thumbnail","hentry","category-actual"],"_links":{"self":[{"href":"https:\/\/247stiri.ro\/index.php\/wp-json\/wp\/v2\/posts\/34182","targetHints":{"allow":["GET"]}}],"collection":[{"href":"https:\/\/247stiri.ro\/index.php\/wp-json\/wp\/v2\/posts"}],"about":[{"href":"https:\/\/247stiri.ro\/index.php\/wp-json\/wp\/v2\/types\/post"}],"replies":[{"embeddable":true,"href":"https:\/\/247stiri.ro\/index.php\/wp-json\/wp\/v2\/comments?post=34182"}],"version-history":[{"count":0,"href":"https:\/\/247stiri.ro\/index.php\/wp-json\/wp\/v2\/posts\/34182\/revisions"}],"wp:featuredmedia":[{"embeddable":true,"href":"https:\/\/247stiri.ro\/index.php\/wp-json\/wp\/v2\/media\/34176"}],"wp:attachment":[{"href":"https:\/\/247stiri.ro\/index.php\/wp-json\/wp\/v2\/media?parent=34182"}],"wp:term":[{"taxonomy":"category","embeddable":true,"href":"https:\/\/247stiri.ro\/index.php\/wp-json\/wp\/v2\/categories?post=34182"},{"taxonomy":"post_tag","embeddable":true,"href":"https:\/\/247stiri.ro\/index.php\/wp-json\/wp\/v2\/tags?post=34182"}],"curies":[{"name":"wp","href":"https:\/\/api.w.org\/{rel}","templated":true}]}}