{"id":34187,"date":"2025-02-23T16:44:47","date_gmt":"2025-02-23T16:44:47","guid":{"rendered":"https:\/\/247stiri.ro\/index.php\/2025\/02\/23\/liderii-uniunii-europene-se-antreneaza-inainte-de-intalnirea-cu-donald-trump-am-facut-un-bilant\/"},"modified":"2025-02-23T16:44:47","modified_gmt":"2025-02-23T16:44:47","slug":"liderii-uniunii-europene-se-antreneaza-inainte-de-intalnirea-cu-donald-trump-am-facut-un-bilant","status":"publish","type":"post","link":"https:\/\/247stiri.ro\/index.php\/2025\/02\/23\/liderii-uniunii-europene-se-antreneaza-inainte-de-intalnirea-cu-donald-trump-am-facut-un-bilant\/","title":{"rendered":"Liderii Uniunii Europene se \u201eantreneaz\u0103\u201d \u00eenainte de \u00eent\u00e2lnirea cu Donald Trump: \u201eAm f\u0103cut un bilan\u021b\u201d"},"content":{"rendered":"<p>Ursula von der Leyen, pre\u0219edinta Comisiei Europene, a \u201df\u0103cut un bilan\u021b\u201d cu pre\u0219edintele francez Emmanuel Macron \u0219i cu prim-ministrul britanic Keir Starmer cu privire la &#8216;contactele lor&#8217; cu Statele Unite ale Americii, a anun\u021bat ea duminic\u0103, 23 februarie, \u00eentr-o postare pe re\u021beaua X, a consemnat AFP.<\/p>\n<p>&#8216;Am discutat despre sprijinul nostru neclintit pentru Ucraina, at\u00e2t financiar, c\u00e2t \u0219i militar&#8217;, a asigurat von der Leyen.<\/p>\n<p>&#8216;Am f\u0103cut un bilan\u021b al contactelor noastre cu partenerii no\u0219tri americani \u0219i am discutat despre proiecte pentru ap\u0103rarea \u0219i securitatea continentului nostru&#8217;, a ad\u0103ugat \u0219eful executivului european.<\/p>\n<p>Pre\u0219edintele francez \u0219i premierul britanic urmeaz\u0103 s\u0103 se deplaseze la Washington pentru a se \u00eent\u00e2lni cu Donald Trump \u00een urm\u0103toarele zile, Emmanuel Macron luni, 24 februarie, iar Keir Starmer joi, 27 februarie.<\/p>\n<p>Potrivit Downing Street, Keir Starmer \u0219i Ursula von der Leyen au insistat asupra &#8216;necesit\u0103\u021bii de a asigura o pace just\u0103 \u0219i durabil\u0103&#8217; \u00een Ucraina, \u00een cursul unei convorbiri desf\u0103\u0219urate s\u00e2mb\u0103t\u0103.<\/p>\n<p>&#8216;Este \u00een interesul Regatului Unit \u0219i al SUA s\u0103 sprijine Ucraina cu garan\u021bii de securitate&#8217;, a scris \u0219eful guvernului britanic \u00eentr-un articol de opinie publicat de s\u0103pt\u0103m\u00e2nalul britanic The Sun care l-a publicat online s\u00e2mb\u0103t\u0103 sear\u0103, 22 februarie.<\/p>\n<p>Lu\u00e2nd cuv\u00e2ntul duminic\u0103 la conferin\u021ba Partidului Laburist din Sco\u021bia, duminic\u0103, la Glasgow, Starmer a subliniat c\u0103 &#8216;nimeni nu vrea ca v\u0103rsarea de s\u00e2nge s\u0103 continue, cu at\u00e2t mai mult<\/p>\n<p>ucrainenii&#8217;.<\/p>\n<p>&#8216;Am v\u0103zut direct devastarea provocat\u0103 de (pre\u0219edintele Rusiei Vladimir) Putin. Re\u021bine\u021bi ce spun &#8211; ceea ce am v\u0103zut doar m\u0103 face mai hot\u0103r\u00e2t s\u0103 sus\u021bin Ucraina&#8217;, a ad\u0103ugat Starmer, citat de media britanice \u0219i dpa.<\/p>\n<p>Europenii se tem c\u0103 pre\u0219edintele american va pune cap\u0103t r\u0103zboiului lansat de Rusia pe 24 februarie 2022 \u00een condi\u021bii favorabile Moscovei \u0219i f\u0103r\u0103 a oferi garan\u021bii de securitate Kievului. Ei cer &#8211; p\u00e2n\u0103 acum \u00een zadar &#8211; un loc la masa negocierilor, mai noteaz\u0103 AFP.<\/p>","protected":false},"excerpt":{"rendered":"<p>Ursula von der Leyen, pre\u0219edinta Comisiei Europene, a \u201df\u0103cut un bilan\u021b\u201d cu pre\u0219edintele francez Emmanuel&hellip;<\/p>\n","protected":false},"author":0,"featured_media":34186,"comment_status":"open","ping_status":"open","sticky":false,"template":"","format":"standard","meta":{"footnotes":""},"categories":[2],"tags":[],"class_list":["post-34187","post","type-post","status-publish","format-standard","has-post-thumbnail","hentry","category-actual"],"_links":{"self":[{"href":"https:\/\/247stiri.ro\/index.php\/wp-json\/wp\/v2\/posts\/34187","targetHints":{"allow":["GET"]}}],"collection":[{"href":"https:\/\/247stiri.ro\/index.php\/wp-json\/wp\/v2\/posts"}],"about":[{"href":"https:\/\/247stiri.ro\/index.php\/wp-json\/wp\/v2\/types\/post"}],"replies":[{"embeddable":true,"href":"https:\/\/247stiri.ro\/index.php\/wp-json\/wp\/v2\/comments?post=34187"}],"version-history":[{"count":0,"href":"https:\/\/247stiri.ro\/index.php\/wp-json\/wp\/v2\/posts\/34187\/revisions"}],"wp:featuredmedia":[{"embeddable":true,"href":"https:\/\/247stiri.ro\/index.php\/wp-json\/wp\/v2\/media\/34186"}],"wp:attachment":[{"href":"https:\/\/247stiri.ro\/index.php\/wp-json\/wp\/v2\/media?parent=34187"}],"wp:term":[{"taxonomy":"category","embeddable":true,"href":"https:\/\/247stiri.ro\/index.php\/wp-json\/wp\/v2\/categories?post=34187"},{"taxonomy":"post_tag","embeddable":true,"href":"https:\/\/247stiri.ro\/index.php\/wp-json\/wp\/v2\/tags?post=34187"}],"curies":[{"name":"wp","href":"https:\/\/api.w.org\/{rel}","templated":true}]}}