{"id":34197,"date":"2025-02-23T17:45:57","date_gmt":"2025-02-23T17:45:57","guid":{"rendered":"https:\/\/247stiri.ro\/index.php\/2025\/02\/23\/alegeri-germania-rezultate-cine-a-castigat\/"},"modified":"2025-02-23T17:45:57","modified_gmt":"2025-02-23T17:45:57","slug":"alegeri-germania-rezultate-cine-a-castigat","status":"publish","type":"post","link":"https:\/\/247stiri.ro\/index.php\/2025\/02\/23\/alegeri-germania-rezultate-cine-a-castigat\/","title":{"rendered":"Alegeri Germania. Rezultate. Cine a c\u00e2\u0219tigat"},"content":{"rendered":"<p>Partidul lui\u00a0Friedrich Merz devanseaz\u0103 Partidul Alternativa pentru Germanian (AfD, extrem\u0103 dreapta), care ob\u0163ine cel mai bin scor din istoria sa, de\u00a019,5%.<\/p>\n<p>\u00a0<\/p>\n<p>Friedrich Merz are un drum lung de parcurs p\u00e2n\u0103 s\u0103 se instaleze la Cancelarie.<\/p>\n<p>\u00cen lipsa unei majorit\u0103\u015fi absolute, el este nevoie, ca mai mereu \u00een Germania, s\u0103 g\u0103seasc\u0103 alia\u0163i cu care s\u0103 \u00eencheie o coali\u0163ie.<\/p>\n<p>Blocul CDU-CSU a exclus deja o alian\u0163\u0103 cu AfD, \u00een pofida unui vor comun \u00een Parlament \u00eempotriva migran\u0163ilor \u00een timpul campaniei electroale.<\/p>\n<p>\u00a0<\/p>\n<p>Un exit-poll ZDF, citat de BBC arat\u0103 c\u0103 blocul CDU-CSU a ob\u0163inut\u00a028.5% dintre voturi, AfD\u00a020%, SPD 16,5%, Verzii 12%, Die Linke 9%, iar FDP 5%.<\/p>\n<p>Potrivit exit-pollurilor ARD \u015fi ZDF, SPD-ul cancelarului\u00a0Olaf Scholz este pe cale s\u0103 ob\u0163in\u0103 cel mai slab rezultat \u00een alegeril parlamentare de la sf\u00e2r\u015fitul celuin de-al Doilea R\u0103zboi mondial \u00eencoace.<\/p>\n<p>Sus\u0163in\u0103torii lui Scholz au r\u0103mas t\u0103cu\u0163i la anun\u0163area acvestor previziuni.<\/p>\n<p>1. CDU 29%<\/p>\n<p>2. AfD 19.5% (extrema dreapt\u0103)<\/p>\n<p>\u00a0<\/p>\n<p>\u00a0<\/p>\n<p>3. SPD 16%<\/p>\n<p>4. Verzii 13.5%<\/p>\n<p>5. Linke (extrema st\u00e2ng\u0103) 8.5%<\/p>\n<p>&#8211;<\/p>\n<p>6. FPD (liberalii) 4.9% &#8211; e nevoie de 5% pentru a intra \u00een Parlament<\/p>\n<p>7 BSW 4.7%<\/p>\n<p>NOT\u0102: E vorba de exit poll, num\u0103r\u0103toarea oficial\u0103 \u00eencepe acum<\/p>\n<p>Coali\u021bia guvernamental\u0103 numit\u0103 \u0219i \u201ecoali\u021bia semafor\u201d, format\u0103 din Partidul Social-Democrat (SPD), Verzii \u0219i Partidul Liber-Democrat (FDP) s-a destr\u0103mat \u00een noiembrie 2024, din cauza ne\u00een\u021belegerilor interne \u0219i a crizei economice. \u00cen consecin\u021b\u0103, s-a decis organizarea de alegeri anticipate pe 23 februarie 2025.\u00a0<\/p>\n<p>Potrivit sondajelor Uniunea Cre\u0219tin-Democrat\u0103\/Uniunea Cre\u0219tin-Social\u0103 (CDU\/CSU) a c\u0103rui lider este Friedrich Merz va c\u00e2\u0219tiga alegerile. \u00centrebarea cu cine vor forma guvernul.<\/p>\n<p>Aceste partide conservatoare sunt favorite \u00een sondaje, promi\u021b\u00e2nd o schimbare de direc\u021bie \u00een politicile economice \u0219i de imigra\u021bie. Este Uniunea condus\u0103 \u0219i de Merkel, dar Merz e un profil diferit, un critic al Angelei Merkel, un politician care se opune migra\u021biei ilegale \u0219i politicilor agresive ecologiste. Merz militeaz\u0103 pentru redeschiderea centralelor nucleare.\u00a0Friedrich Merz va fi probabil viitorul cancelar al Germaniei.<\/p>\n<p>Al doilea partid \u00een sondaje este Alternativa pentru Germania (AfD). Partid de extrem\u0103 dreapta, condus de Alice Weidel, care a c\u00e2\u0219tigat teren \u00een sondaje datorit\u0103 pozi\u021biilor sale anti-imigra\u021bie \u0219i sprijinului unor personalit\u0103\u021bi interna\u021bionale. Exist\u0103 \u00eens\u0103 un coridor sanitar politic iar AfD nu are \u0219anse s\u0103 ajung\u0103 la guvernare. De\u0219i va op\u021bine cel mai probabil \u00een jur de 20%, va deveni principala for\u021b\u0103 de opozi\u021bie.<\/p>\n<p>Partidul Social-Democrat (SPD) condus de actualul cancelar Olaf Scholz e \u00een sc\u0103dere. Social-democra\u021bii se confrunt\u0103 cu o posibil\u0103 \u00eenfr\u00e2ngere istoric\u0103, fiind cota\u021bi la aproximativ 15%.<\/p>\n<p>Liberalii sunt \u0219i ei \u00een declin \u0219i se lupt\u0103 s\u0103 ating\u0103 pragul de 5%. Verzii sunt cota\u021bi la 15% iar extrema str\u00e2ng\u0103 la 7%.<\/p>\n<p>Cele mai mari \u0219anse \u00een a forma viitorul guvern va fi o alian\u021b\u0103 \u00eentre CDU, liberali \u0219i verzi, numit\u0103 deja \u201eCoali\u021bia Jamaica\u201d, datorit\u0103 culorilor politice a fiec\u0103rui partid care sunt \u0219i culorile steagului jamaican. Pe de alt\u0103 parte nu e exclus ca CDU s\u0103 formeze o mare coali\u021bie pentru stabilitate cu social-democra\u021bii.\u00a0<\/p>\n<p>\u00a0<\/p>","protected":false},"excerpt":{"rendered":"<p>Partidul lui\u00a0Friedrich Merz devanseaz\u0103 Partidul Alternativa pentru Germanian (AfD, extrem\u0103 dreapta), care ob\u0163ine cel mai&hellip;<\/p>\n","protected":false},"author":0,"featured_media":34191,"comment_status":"open","ping_status":"open","sticky":false,"template":"","format":"standard","meta":{"footnotes":""},"categories":[2],"tags":[],"class_list":["post-34197","post","type-post","status-publish","format-standard","has-post-thumbnail","hentry","category-actual"],"_links":{"self":[{"href":"https:\/\/247stiri.ro\/index.php\/wp-json\/wp\/v2\/posts\/34197","targetHints":{"allow":["GET"]}}],"collection":[{"href":"https:\/\/247stiri.ro\/index.php\/wp-json\/wp\/v2\/posts"}],"about":[{"href":"https:\/\/247stiri.ro\/index.php\/wp-json\/wp\/v2\/types\/post"}],"replies":[{"embeddable":true,"href":"https:\/\/247stiri.ro\/index.php\/wp-json\/wp\/v2\/comments?post=34197"}],"version-history":[{"count":0,"href":"https:\/\/247stiri.ro\/index.php\/wp-json\/wp\/v2\/posts\/34197\/revisions"}],"wp:featuredmedia":[{"embeddable":true,"href":"https:\/\/247stiri.ro\/index.php\/wp-json\/wp\/v2\/media\/34191"}],"wp:attachment":[{"href":"https:\/\/247stiri.ro\/index.php\/wp-json\/wp\/v2\/media?parent=34197"}],"wp:term":[{"taxonomy":"category","embeddable":true,"href":"https:\/\/247stiri.ro\/index.php\/wp-json\/wp\/v2\/categories?post=34197"},{"taxonomy":"post_tag","embeddable":true,"href":"https:\/\/247stiri.ro\/index.php\/wp-json\/wp\/v2\/tags?post=34197"}],"curies":[{"name":"wp","href":"https:\/\/api.w.org\/{rel}","templated":true}]}}