{"id":3420,"date":"2024-10-31T15:32:08","date_gmt":"2024-10-31T15:32:08","guid":{"rendered":"https:\/\/247stiri.ro\/index.php\/2024\/10\/31\/metroul-bucurestean-in-prag-de-greva-negocierile-intre-sindicate-si-autoritati-au-mers-prost-si-sunt-blocate\/"},"modified":"2024-10-31T15:32:08","modified_gmt":"2024-10-31T15:32:08","slug":"metroul-bucurestean-in-prag-de-greva-negocierile-intre-sindicate-si-autoritati-au-mers-prost-si-sunt-blocate","status":"publish","type":"post","link":"https:\/\/247stiri.ro\/index.php\/2024\/10\/31\/metroul-bucurestean-in-prag-de-greva-negocierile-intre-sindicate-si-autoritati-au-mers-prost-si-sunt-blocate\/","title":{"rendered":"Metroul bucure\u0219tean, \u00een prag de grev\u0103. Negocierile \u00eentre sindicate \u0219i autorit\u0103\u021bi au mers prost \u0219i sunt blocate"},"content":{"rendered":"<p>Negocierile dintre sindicat \u015fi conducerea Metrorex referitoare la contractul colectiv de munc\u0103 vor continua p\u00e2n\u0103 la stabilirea unui consens, a anun\u0163at, ministrul Transporturilor \u015fi Infrastructurii, Sorin Grindeanu.Potrivit unui comunicat al ministerului de resort, o nou\u0103 rund\u0103 de negocieri \u00eentre conducerea Metrorex \u015fi sindicatele din bran\u015f\u0103 a avut loc joi la sediul Ministerului Transporturilor \u015fi Infrastructurii (MTI), la discu\u0163ii particip\u00e2nd premierul Marcel Ciolacu, ministrul Transporturilor \u015fi Infrastructurii, Sorin Grindeanu, \u015fi primarul sectorului 4, Daniel B\u0103lu\u0163\u0103.Reprezentan\u0163ii sindicali au expus solicit\u0103rile angaja\u0163ilor din cadrul companiei, care vizeaz\u0103 salarizarea, schema de personal \u015fi alte drepturi contractuale. Toate p\u0103r\u0163ile au convenit c\u0103 discu\u0163iile vor continua p\u00e2n\u0103 la stabilirea unui consens.&#8221;Negocierile patronate-sindicate vor continua. Prim-ministrul Marcel Ciolacu a dat asigur\u0103ri c\u0103 Executivul va sprijini orice solu\u0163ie viabil\u0103 care nu va dezechilibra func\u0163ionarea companiei Metrorex, at\u00e2t din perspectiva func\u0163ion\u0103rii serviciilor companiei, c\u00e2t \u015fi din perspectiva bugetelor disponibile. Practic, rolul discu\u0163iilor este tocmai acela de a g\u0103si cele mai bune variante pentru angaja\u0163ii Metrorex, dar \u015fi pentru c\u0103l\u0103tori! Cum am mai declarat, eu sunt optimist c\u0103 vom identifica rapid o solu\u0163ie de comun acord, astfel \u00eenc\u00e2t s\u0103 nu se ajung\u0103 la situa\u0163ii de blocaj&#8221;, a afirmat ministrul Transporturilor, citat \u00een comunicat.31 octombrie a fost termenul limit\u0103 pe care Sindicatul de la Metrou &#8211; USLM &#8211; l-a stabilit pentru finalizarea discu\u0163iilor cu conducerea Metrorex pe contractul colectiv de munc\u0103. In\u0163ial acesta era 14 octombrie. Pre\u015fedintele USLM, Marian Artimon, a declarat, pe 27 octombrie, c\u0103 \u00een cazul \u00een care negocierile e\u015fueaz\u0103, \u00een maximum trei s\u0103pt\u0103m\u00e2ni ar putea fi declan\u015fat\u0103 greva general\u0103, chiar \u00een ziua \u00een care Metrorex va marca 45 de ani de la \u00eenfiin\u0163are, respectiv 19 noiembrie.La r\u00e2ndul s\u0103u, directorul general al Metrorex, Mariana Micl\u0103u\u015f, a afirmat, \u00een urm\u0103 cu dou\u0103 zile, c\u0103 negocierile cu partenerii de dialog social pentru \u00eencheierea noului Contract Colectiv de Munc\u0103 vor continua \u015fi &#8222;vom avea \u00een\u0163elepciunea necesar\u0103 astfel \u00eenc\u00e2t cet\u0103\u0163enii s\u0103 nu sufere.Joi, liderul USLM a precizat c\u0103 negocierile &#8222;au mers prost&#8221; \u015fi c\u0103 &#8222;\u00een acest moment sunt blocate&#8221;.<\/p>","protected":false},"excerpt":{"rendered":"<p>Negocierile dintre sindicat \u015fi conducerea Metrorex referitoare la contractul colectiv de munc\u0103 vor continua p\u00e2n\u0103&hellip;<\/p>\n","protected":false},"author":0,"featured_media":3421,"comment_status":"open","ping_status":"open","sticky":false,"template":"","format":"standard","meta":{"footnotes":""},"categories":[2],"tags":[],"class_list":["post-3420","post","type-post","status-publish","format-standard","has-post-thumbnail","hentry","category-actual"],"_links":{"self":[{"href":"https:\/\/247stiri.ro\/index.php\/wp-json\/wp\/v2\/posts\/3420","targetHints":{"allow":["GET"]}}],"collection":[{"href":"https:\/\/247stiri.ro\/index.php\/wp-json\/wp\/v2\/posts"}],"about":[{"href":"https:\/\/247stiri.ro\/index.php\/wp-json\/wp\/v2\/types\/post"}],"replies":[{"embeddable":true,"href":"https:\/\/247stiri.ro\/index.php\/wp-json\/wp\/v2\/comments?post=3420"}],"version-history":[{"count":0,"href":"https:\/\/247stiri.ro\/index.php\/wp-json\/wp\/v2\/posts\/3420\/revisions"}],"wp:featuredmedia":[{"embeddable":true,"href":"https:\/\/247stiri.ro\/index.php\/wp-json\/wp\/v2\/media\/3421"}],"wp:attachment":[{"href":"https:\/\/247stiri.ro\/index.php\/wp-json\/wp\/v2\/media?parent=3420"}],"wp:term":[{"taxonomy":"category","embeddable":true,"href":"https:\/\/247stiri.ro\/index.php\/wp-json\/wp\/v2\/categories?post=3420"},{"taxonomy":"post_tag","embeddable":true,"href":"https:\/\/247stiri.ro\/index.php\/wp-json\/wp\/v2\/tags?post=3420"}],"curies":[{"name":"wp","href":"https:\/\/api.w.org\/{rel}","templated":true}]}}