{"id":34200,"date":"2025-02-23T17:45:58","date_gmt":"2025-02-23T17:45:58","guid":{"rendered":"https:\/\/247stiri.ro\/index.php\/2025\/02\/23\/schimbare-majora-zelenski-spune-ca-este-pregatit-sa-demisioneze-ce-conditie-pune-in-schimb\/"},"modified":"2025-02-23T17:45:58","modified_gmt":"2025-02-23T17:45:58","slug":"schimbare-majora-zelenski-spune-ca-este-pregatit-sa-demisioneze-ce-conditie-pune-in-schimb","status":"publish","type":"post","link":"https:\/\/247stiri.ro\/index.php\/2025\/02\/23\/schimbare-majora-zelenski-spune-ca-este-pregatit-sa-demisioneze-ce-conditie-pune-in-schimb\/","title":{"rendered":"Schimbare major\u0103. Zelenski spune c\u0103 este preg\u0103tit s\u0103 demisioneze. Ce condi\u021bie pune, \u00een schimb"},"content":{"rendered":"<p>Pre\u0219edintele Ucrainei, Volodimir Zelenski, a declarat duminic\u0103 c\u0103 e gata s\u0103 demisioneze \u201eimediat\u201d din func\u021bie \u00een schimbul ader\u0103rii \u021b\u0103rii sale la NATO, o integrare la care Washingtonul pare s\u0103 se opun\u0103 pe fondul tensiunilor cresc\u00e2nde dintre Kiev \u0219i pre\u0219edintele american Donald Trump, transmite AFP.<\/p>\n<p>\u201eDac\u0103 ave\u021bi \u00eentr-adev\u0103r nevoie ca eu s\u0103 p\u0103r\u0103sesc func\u021bia, sunt gata s\u0103 o fac\u201d, a explicat pre\u0219edintele ucrainean \u00een cadrul unei conferin\u021be de pres\u0103 la Kiev.<\/p>\n<p>\u201ePot schimba (pre\u0219edin\u021bia) pentru (o aderare la) NATO\u201d, a ad\u0103ugat el, dup\u0103 ce a fost calificat s\u0103pt\u0103m\u00e2na aceasta de Donald Trump\u00a0drept un \u201edictator f\u0103r\u0103 alegeri\u201d, care a ales r\u0103zboiul cu Rusia.<\/p>\n<p>Ulterior, Trump\u00a0\u0219i-a continuat criticile sale la adresa liderului de la Kiev, afirm\u00e2nd c\u0103 \u201enu crede c\u0103 este foarte important\u201d ca Zelenski s\u0103 ia parte la negocierile de pace.<\/p>\n<p>\u201eSper s\u0103 fie un punct de cotitur\u0103\u201d<\/p>\n<p>Volodimir Zelenski a mai declarat c\u0103 sper\u0103 ca \u00eent\u00e2lnirea sa de luni cu mai mul\u021bi lideri ai \u021b\u0103rilor aliate, \u00een special din Europa, va constitui \u201eun punct de cotitur\u0103\u201d, \u00een condi\u021biile \u00een care Kievul \u0219i partenerii s\u0103i \u00eencearc\u0103 s\u0103 se mobilizeze \u00een fa\u021ba discursului ostil al pre\u0219edintelui SUA, care vrea s\u0103 negocieze un acord cu Rusia.<\/p>\n<p>\u00a0<\/p>\n<p>\u201eAvem o reuniune important\u0103 m\u00e2ine, un summit. Poate c\u0103 acesta va fi un punct de cotitur\u0103\u201d, a declarat pre\u0219edintele ucrainean, men\u021bion\u00e2nd o reuniune la Kiev a 13 oficiali str\u0103ini \u0219i a altor 24 prin leg\u0103tur\u0103 video, pentru a marca \u00eemplinirea a trei ani de la declan\u0219area invaziei pe scar\u0103 larg\u0103 a Rusiei.<\/p>\n<p>Zelenski vrea \u201e\u00een\u021belegere reciproc\u0103\u201d \u0219i \u201egaran\u021bii de securitate\u201d din partea lui Trump<\/p>\n<p>Pre\u0219edintele ucrainean Volodimir Zelenski a mai afirmat duminic\u0103 c\u0103 dore\u0219te ca Donald Trump s\u0103 \u00een\u021beleag\u0103 pozi\u021bia sa \u0219i s\u0103 ofere garan\u021bii de securitate pentru a ajuta Kievul s\u0103 se protejeze de un nou atac rusesc dup\u0103 un eventual acord de \u00eencetare a ostilit\u0103\u021bilor.<\/p>\n<p>\u201e\u00cemi doresc foarte mult din partea lui Trump o \u00een\u021belegere reciproc\u0103\u201d, a spus Zelenski \u00een aceast\u0103 conferin\u021b\u0103 de pres\u0103 sus\u021binut\u0103 \u00een ajunul \u00eemplinirii a trei ani de la debutul invaziei ruse.<\/p>\n<p>\u00a0<\/p>\n<p>\u201eGaran\u021biile de securitate din partea lui Trump sunt indispensabile\u201d, a ad\u0103ugat el, \u00een contextul \u00een care pre\u0219edintele SUA a adoptat o parte din retorica Kremlinului, pe fondul discu\u021biilor ruso-americane privind r\u0103zboiul din Ucraina, de la care Kievul a fost exclus.<\/p>\n<p>Zelenski despre acordul privind mineralele: \u201eFacem progrese\u201d<\/p>\n<p>Pre\u0219edintele ucrainean a mai declarat c\u0103 Washingtonul \u0219i Kievul se apropie de un acord asupra resurselor minerale ale Ucrainei, chestiune care a devenit un punct de disput\u0103 cu Statele Unite.<\/p>\n<p>\u201eFacem progrese\u201d, a declarat Zelenski \u00een conferin\u021ba de pres\u0103, preciz\u00e2nd c\u0103 oficiali din ambele tabere au fost \u00een contact cu privire la acest acord mai devreme \u00een cursul zilei.<\/p>\n<p>\u201eNu voi semna ceva care va fi pl\u0103tit de zece genera\u021bii de ucraineni\u201d, a punctat totu\u0219i pre\u0219edintele.<\/p>","protected":false},"excerpt":{"rendered":"<p>Pre\u0219edintele Ucrainei, Volodimir Zelenski, a declarat duminic\u0103 c\u0103 e gata s\u0103 demisioneze \u201eimediat\u201d din func\u021bie&hellip;<\/p>\n","protected":false},"author":0,"featured_media":34193,"comment_status":"open","ping_status":"open","sticky":false,"template":"","format":"standard","meta":{"footnotes":""},"categories":[2],"tags":[],"class_list":["post-34200","post","type-post","status-publish","format-standard","has-post-thumbnail","hentry","category-actual"],"_links":{"self":[{"href":"https:\/\/247stiri.ro\/index.php\/wp-json\/wp\/v2\/posts\/34200","targetHints":{"allow":["GET"]}}],"collection":[{"href":"https:\/\/247stiri.ro\/index.php\/wp-json\/wp\/v2\/posts"}],"about":[{"href":"https:\/\/247stiri.ro\/index.php\/wp-json\/wp\/v2\/types\/post"}],"replies":[{"embeddable":true,"href":"https:\/\/247stiri.ro\/index.php\/wp-json\/wp\/v2\/comments?post=34200"}],"version-history":[{"count":0,"href":"https:\/\/247stiri.ro\/index.php\/wp-json\/wp\/v2\/posts\/34200\/revisions"}],"wp:featuredmedia":[{"embeddable":true,"href":"https:\/\/247stiri.ro\/index.php\/wp-json\/wp\/v2\/media\/34193"}],"wp:attachment":[{"href":"https:\/\/247stiri.ro\/index.php\/wp-json\/wp\/v2\/media?parent=34200"}],"wp:term":[{"taxonomy":"category","embeddable":true,"href":"https:\/\/247stiri.ro\/index.php\/wp-json\/wp\/v2\/categories?post=34200"},{"taxonomy":"post_tag","embeddable":true,"href":"https:\/\/247stiri.ro\/index.php\/wp-json\/wp\/v2\/tags?post=34200"}],"curies":[{"name":"wp","href":"https:\/\/api.w.org\/{rel}","templated":true}]}}