{"id":34210,"date":"2025-02-23T18:46:49","date_gmt":"2025-02-23T18:46:49","guid":{"rendered":"https:\/\/247stiri.ro\/index.php\/2025\/02\/23\/premierul-marcel-ciolacu-dupa-rezultatele-sondajelor-din-germania-asteptam-sa-continuam-colaborarea\/"},"modified":"2025-02-23T18:46:49","modified_gmt":"2025-02-23T18:46:49","slug":"premierul-marcel-ciolacu-dupa-rezultatele-sondajelor-din-germania-asteptam-sa-continuam-colaborarea","status":"publish","type":"post","link":"https:\/\/247stiri.ro\/index.php\/2025\/02\/23\/premierul-marcel-ciolacu-dupa-rezultatele-sondajelor-din-germania-asteptam-sa-continuam-colaborarea\/","title":{"rendered":"Premierul Marcel Ciolacu, dup\u0103 rezultatele sondajelor din Germania: \u201eA\u0219tept\u0103m s\u0103 continu\u0103m colaborarea\u201d"},"content":{"rendered":"<p>Marcel Ciolacu a scris, duminic\u0103, pe X, un mesaj de felicitare pentru Friedrich Merz \u015fi apreciaz\u0103 c\u0103 rezultatul alegerilor este o veste bun\u0103.<\/p>\n<p>\u201dA\u015ftept\u0103m cu ner\u0103bdare s\u0103 continu\u0103m cooperarea excelent\u0103 cu cel mai important partener comercial al Rom\u00e2niei\u201d, a transmis premierul.<\/p>\n<p>Conservatorii germani din Uniunea Cre\u015ftin Democrat\u0103 (CDU) \u015fi Uniunea Cre\u015ftin Social\u0103 (CSU) au ob\u0163inut o victorie \u00een alegerile legislative anticipate de duminic\u0103, cu 28,5-29% din voturile exprimate, iar Partidul Alternativa pentru Germania (AfD, extrem\u0103 dreapta) a ob\u0163inut un rezultat f\u0103r\u0103 precedent, de 19,5-20%, cel mai bun din istoria sa, potrivit rezultatelor sondajelor realizate la ie\u015firea de la urne, relateaz\u0103 AFP.<\/p>\n<p>Good news from Germany, where the center is holding. Congratulations to <a href=\"https:\/\/twitter.com\/_FriedrichMerz?ref_src=twsrc%5Etfw\">@_FriedrichMerz<\/a> <a href=\"https:\/\/twitter.com\/CDU?ref_src=twsrc%5Etfw\">@CDU<\/a> for winning the parliamentary election and looking forward to continue the excellent cooperation with Romania\u2019s most important commercial partner!<\/p>\n<p>\u2014 Marcel Ciolacu (@CiolacuMarcel) <a href=\"https:\/\/twitter.com\/CiolacuMarcel\/status\/1893717092651737582?ref_src=twsrc%5Etfw\">February 23, 2025<\/a><\/p>","protected":false},"excerpt":{"rendered":"<p>Marcel Ciolacu a scris, duminic\u0103, pe X, un mesaj de felicitare pentru Friedrich Merz \u015fi&hellip;<\/p>\n","protected":false},"author":0,"featured_media":34208,"comment_status":"open","ping_status":"open","sticky":false,"template":"","format":"standard","meta":{"footnotes":""},"categories":[2],"tags":[],"class_list":["post-34210","post","type-post","status-publish","format-standard","has-post-thumbnail","hentry","category-actual"],"_links":{"self":[{"href":"https:\/\/247stiri.ro\/index.php\/wp-json\/wp\/v2\/posts\/34210","targetHints":{"allow":["GET"]}}],"collection":[{"href":"https:\/\/247stiri.ro\/index.php\/wp-json\/wp\/v2\/posts"}],"about":[{"href":"https:\/\/247stiri.ro\/index.php\/wp-json\/wp\/v2\/types\/post"}],"replies":[{"embeddable":true,"href":"https:\/\/247stiri.ro\/index.php\/wp-json\/wp\/v2\/comments?post=34210"}],"version-history":[{"count":0,"href":"https:\/\/247stiri.ro\/index.php\/wp-json\/wp\/v2\/posts\/34210\/revisions"}],"wp:featuredmedia":[{"embeddable":true,"href":"https:\/\/247stiri.ro\/index.php\/wp-json\/wp\/v2\/media\/34208"}],"wp:attachment":[{"href":"https:\/\/247stiri.ro\/index.php\/wp-json\/wp\/v2\/media?parent=34210"}],"wp:term":[{"taxonomy":"category","embeddable":true,"href":"https:\/\/247stiri.ro\/index.php\/wp-json\/wp\/v2\/categories?post=34210"},{"taxonomy":"post_tag","embeddable":true,"href":"https:\/\/247stiri.ro\/index.php\/wp-json\/wp\/v2\/tags?post=34210"}],"curies":[{"name":"wp","href":"https:\/\/api.w.org\/{rel}","templated":true}]}}