{"id":34220,"date":"2025-02-23T19:44:47","date_gmt":"2025-02-23T19:44:47","guid":{"rendered":"https:\/\/247stiri.ro\/index.php\/2025\/02\/23\/cine-este-friedrich-merz-liderul-cdu-viitorul-cancelar-al-germaniei\/"},"modified":"2025-02-23T19:44:47","modified_gmt":"2025-02-23T19:44:47","slug":"cine-este-friedrich-merz-liderul-cdu-viitorul-cancelar-al-germaniei","status":"publish","type":"post","link":"https:\/\/247stiri.ro\/index.php\/2025\/02\/23\/cine-este-friedrich-merz-liderul-cdu-viitorul-cancelar-al-germaniei\/","title":{"rendered":"Cine este Friedrich Merz, liderul CDU, viitorul cancelar al Germaniei"},"content":{"rendered":"<p>Liderul \u00een v\u00e2rst\u0103 de 69 de ani al partidului Uniunea Cre\u015ftin-Democrat\u0103 (CDU) nu a f\u0103cut niciun secret din planurile sale de a se implica mult mai mult \u00een afacerile UE dec\u00e2t Olaf Scholz.<\/p>\n<p>Este o declara\u0163ie de inten\u0163ie care a c\u0103p\u0103tat o semnifica\u0163ie geostrategic\u0103 \u015fi mai mare acum, c\u00e2nd pre\u015fedintele american Donald Trump a semnalat c\u0103 Europa va trebui s\u0103 fac\u0103 mult mai mult din munca grea de furnizare a asisten\u0163ei militare \u015fi economice a Ucrainei.<\/p>\n<p>\u201eUE nu trebuie s\u0103 vin\u0103 la Washington ca un pitic, pentru c\u0103 atunci va fi tratat\u0103 ca atare\u201d, a declarat Merz la un recent eveniment de campanie \u00een Germania.<\/p>\n<p>\u201eSemnalul de la Berlin c\u0103 Germania este preg\u0103tit\u0103 s\u0103 preia mai mult conducerea \u00een Uniunea European\u0103 ar trebui s\u0103 fie o veste binevenit\u0103 pentru von der Leyen, care are de c\u00e2\u015ftigat un aliat conservator puternic, care se \u00eent\u00e2mpl\u0103 s\u0103 fie versat \u00een afacerile UE (Merz a fost deputat european \u00eentre 1989 \u015fi 1994). La Bruxelles, ve\u0163i auzi adesea nemul\u0163umiri c\u0103 o victorie a lui Merz va \u00eensemna pur \u015fi simplu c\u0103 UE va fi condus\u0103 de doi cre\u015ftin-democra\u0163i germani\u201d, noteaz\u0103 Politico.<\/p>\n<p>Ursula, \u00een pericol<\/p>\n<p>Dar o privire mai atent\u0103 sugereaz\u0103 c\u0103 \u201eRegina Ursula\u201d \u2013 un apelativ pe care l-a c\u00e2\u015ftigat at\u00e2t datorit\u0103 comportamentului s\u0103u regal, c\u00e2t \u015fi datorit\u0103 controlului s\u0103u str\u00e2ns asupra puterii la Bruxelles \u2013 este pu\u0163in probabil s\u0103 \u00eempart\u0103 cu u\u015furin\u0163\u0103 scena cu liderul CDU.<\/p>\n<p>Von der Leyen, \u00een v\u00e2rst\u0103 de 66 de ani, a domnit suprem la Bruxelles \u00eenc\u0103 de c\u00e2nd fostul cancelar german Angela Merkel a ajutat-o s\u0103 fie catapultat\u0103 \u00een puternicul rol executiv \u00een 2019. \u00centr-adev\u0103r, \u00een timp ce von der Leyen era promovat\u0103 ministru al ap\u0103r\u0103rii \u00een timpul lui Merkel, Merz a fost dat la o parte \u015fi a p\u0103r\u0103sit politica pentru a lucra ca avocat corporatist.<\/p>\n<p>Von der Leyen a profitat de sl\u0103biciunea relativ\u0103 a pre\u015fedintelui francez Emmanuel Macron \u015fi a lui Scholz pentru a acumula influen\u0163\u0103, centraliz\u00e2nd r\u0103spunsul blocului la pandemia de Covid \u015fi la invazia la scar\u0103 larg\u0103 a Rusiei \u00een Ucraina.<\/p>\n<p>Acum, ea va trebui s\u0103 se confrunte cu unul dintre cei mai \u00eenver\u015funa\u0163i rivali ai Angelei Merkel din CDU, un cunosc\u0103tor al afacerilor UE care se va impune ca cel mai puternic conservator la masa liderilor europeni, unde inten\u0163ioneaz\u0103 s\u0103 sporeasc\u0103 puterea capitalelor \u00een detrimentul Bruxelles-ului, noteaz\u0103 Politico.<\/p>\n<p>Ambi\u021bii europene<\/p>\n<p>Ceea ce ar putea p\u0103rea diferen\u0163e politice nesemnificative \u00eentre cei doi s-ar putea transforma \u00eentr-o adev\u0103rat\u0103 lupt\u0103 pentru putere, pe m\u0103sur\u0103 ce von der Leyen se lupt\u0103 cu interesul tot mai mare al lui Merz pentru scena UE, scrie Politico.<\/p>\n<p>Von der Leyen se apropie de centrul politic, sus\u0163in\u00e2nd reformele ecologice, paritatea de gen \u015fi men\u0163inerea frontierelor interne deschise ale Europei. Merz, \u00een schimb, este un conservator vest-german clasic care dore\u015fte dereglementarea, s-a pronun\u0163at \u00eempotriva parit\u0103\u0163ii \u00een guvern \u015fi nu are nicio problem\u0103 \u00een a \u00eenchide grani\u0163ele Germaniei fa\u0163\u0103 de vecinii s\u0103i.<\/p>\n<p>Persoane apropiate lui von der Leyen \u015fi Merz de la Berlin \u015fi Bruxelles spun c\u0103 cei doi ar fi capabili s\u0103 transcead\u0103 r\u0103fuielile din trecut pentru a g\u0103si un modus vivendi, bazat pe obiectivele mai mari de consolidare a UE. Un purt\u0103tor de cuv\u00e2nt al CDU a declarat c\u0103 cei doi vorbesc regulat la telefon, au \u00eencredere unul \u00een cel\u0103lalt \u015fi coopereaz\u0103 bine.<\/p>\n<p>\u201eCei doi \u00eemp\u0103rt\u0103\u015fesc acela\u015fi obiectiv de a cre\u015fte competitivitatea Europei, inclusiv prin simplificarea \u015fi accelerarea afacerilor\u201d, a declarat un oficial al Comisiei apropiat de von der Leyen.<\/p>\n<p>\u00cens\u0103 alte persoane care au observat interac\u0163iunile dintre von der Leyen \u015fi Merz \u00een ultimele luni descriu rela\u0163ia ca fiind tensionat\u0103, liderul CDU folosindu-se de o \u00eent\u00e2lnire din ianuarie a \u201egreilor\u201d conservatori din Berlin pentru a-\u015fi impune \u00een fa\u0163a \u015fefei Comisiei viziunea asupra Europei.<\/p>\n<p>\u201eCaracteristica definitorie a acestei rela\u0163ii este c\u0103 va fi poten\u0163ial o competi\u0163ie pentru leadership \u00een Europa\u201d, a declarat Jan Techau, director la think tank-ul Eurasia Group. \u201eEa este foarte clar interesat\u0103 s\u0103 domine scena de la Bruxelles, \u00een timp ce Merz dore\u015fte, desigur, s\u0103 reinstaureze conducerea Germaniei \u00een Europa\u201d, puncteaz\u0103 analistul.<\/p>\n<p>O tr\u0103s\u0103tur\u0103 definitorie a rela\u0163iei dintre Merz \u015fi von der Leyen este modul \u00een care ace\u015ftia par s\u0103 se fi evitat reciproc \u00een cea mai mare parte a carierei lor. De\u015fi am\u00e2ndoi erau membri CDU, intrarea lui von der Leyen \u00een prima linie a politicii a avut loc \u00een 2005, chiar \u00een momentul \u00een care Merz \u00eencepea acea lung\u0103 pauz\u0103 \u00een care a lucrat ca avocat de afaceri.<\/p>\n<p>Pactul Andin<\/p>\n<p>\u00cen 2005, el a devenit membru al unui club exclusiv masculin din cadrul CDU, Pacto Andino sau Pactul Andin, care a f\u0103cut tot ce i-a stat \u00een putin\u0163\u0103 de-a lungul anilor pentru a o \u00eempiedica pe Merkel s\u0103 devin\u0103 cancelar \u2013 f\u0103r\u0103 succes.<\/p>\n<p>Merz a plecat s\u0103 lucreze pentru o serie de firme de avocatur\u0103 de elit\u0103, inclusiv una american\u0103, Mayer Brown. \u00centre timp, von der Leyen a mers pe valul Merkel c\u0103tre putere \u2013 mai \u00eent\u00e2i ca ministru al familiei, c\u00e2nd a sus\u0163inut politici progresiste care au atras critici din partea unor conservatori germani; apoi ca ministru al muncii \u015fi mai t\u00e2rziu ca ministru al ap\u0103r\u0103rii.<\/p>\n<p>\u00cen momentul \u00een care Merz a revenit \u00een politica german\u0103 \u00een toamna anului 2021, von der Leyen era deja la Bruxelles \u00een calitate de pre\u015fedinte al Comisiei Europene, o alt\u0103 func\u0163ie pe care i-o datora \u00een mare parte lui Merkel, mai scrie Politico.<\/p>\n<p>Av\u00e2nd \u00een vedere c\u0103 ascensiunea lui Merz este aproape sigur\u0103 \u2013 sondajele arat\u0103 c\u0103 partidul s\u0103u se men\u0163ine \u00een fruntea clasamentului \u2013 ambele p\u0103r\u0163i au avut grij\u0103 s\u0103 sublinieze compatibilitatea lor. \u201eAcum am o rela\u0163ie foarte str\u00e2ns\u0103 cu Ursula von der Leyen\u201d, a declarat Merz recent \u00eentr-un podcast\u00a0Die Zeit. \u201eSuntem, de asemenea, foarte des \u00een dialog unul cu cel\u0103lalt\u201d, a dat el asigur\u0103ri.<\/p>\n<p>\u015ei totu\u015fi, ei par s\u0103 aib\u0103 probleme de coordonare pentru a g\u0103si timp pentru a se \u00eent\u00e2lni. Merz particip\u0103 rar la reuniunea liderilor PPE de la Bruxelles, de exemplu, unde von der Leyen este o prezen\u0163\u0103 obi\u015fnuit\u0103.<\/p>\n<p>Techau a declarat c\u0103 micile diferen\u0163e dintre ei ar putea duce la dezacorduri mai mari, \u00een special cu privire la China, politica fiscal\u0103 \u015fi migra\u0163ie.<\/p>\n<p>\u201eEa este mai mult o euro-federal\u0103 \u00een m\u0103sura \u00een care crede c\u0103 (\u00eemprumutul comun pentru proiecte UE precum ap\u0103rarea) este un instrument bun\u201d, a spus el. \u201eMerz este strict \u00eempotriva acestuia\u201d, a ad\u0103ugat Techau.<\/p>\n<p>Von der Leyen este, de asemenea, considerat\u0103 mult mai strict\u0103 fa\u0163\u0103 de China dec\u00e2t Merz, care s-a opus deciziei sale de a impune tarife pentru vehiculele electrice chineze\u015fti.<\/p>\n<p>De\u015fi von der Leyen \u015fi-a f\u0103cut o prioritate din combaterea migra\u0163iei ilegale \u00een ultimul an al primului s\u0103u mandat, obiectivul s\u0103u principal este \u00een continuare s\u0103 men\u0163in\u0103 deschise frontierele dintre \u0163\u0103rile europene.<\/p>\n<p>\u201ePentru ea, idealul Schengen privind libera circula\u0163ie \u015fi lipsa controalelor la frontier\u0103 este foarte important. Dar pentru Merz, controalele la frontierele dintre \u0163\u0103ri nu mai sunt deloc tabu. Aici v\u0103d eu cel mai mare conflict\u201d, conchide expertul.<\/p>","protected":false},"excerpt":{"rendered":"<p>Liderul \u00een v\u00e2rst\u0103 de 69 de ani al partidului Uniunea Cre\u015ftin-Democrat\u0103 (CDU) nu a f\u0103cut&hellip;<\/p>\n","protected":false},"author":0,"featured_media":34217,"comment_status":"open","ping_status":"open","sticky":false,"template":"","format":"standard","meta":{"footnotes":""},"categories":[2],"tags":[],"class_list":["post-34220","post","type-post","status-publish","format-standard","has-post-thumbnail","hentry","category-actual"],"_links":{"self":[{"href":"https:\/\/247stiri.ro\/index.php\/wp-json\/wp\/v2\/posts\/34220","targetHints":{"allow":["GET"]}}],"collection":[{"href":"https:\/\/247stiri.ro\/index.php\/wp-json\/wp\/v2\/posts"}],"about":[{"href":"https:\/\/247stiri.ro\/index.php\/wp-json\/wp\/v2\/types\/post"}],"replies":[{"embeddable":true,"href":"https:\/\/247stiri.ro\/index.php\/wp-json\/wp\/v2\/comments?post=34220"}],"version-history":[{"count":0,"href":"https:\/\/247stiri.ro\/index.php\/wp-json\/wp\/v2\/posts\/34220\/revisions"}],"wp:featuredmedia":[{"embeddable":true,"href":"https:\/\/247stiri.ro\/index.php\/wp-json\/wp\/v2\/media\/34217"}],"wp:attachment":[{"href":"https:\/\/247stiri.ro\/index.php\/wp-json\/wp\/v2\/media?parent=34220"}],"wp:term":[{"taxonomy":"category","embeddable":true,"href":"https:\/\/247stiri.ro\/index.php\/wp-json\/wp\/v2\/categories?post=34220"},{"taxonomy":"post_tag","embeddable":true,"href":"https:\/\/247stiri.ro\/index.php\/wp-json\/wp\/v2\/tags?post=34220"}],"curies":[{"name":"wp","href":"https:\/\/api.w.org\/{rel}","templated":true}]}}