{"id":34224,"date":"2025-02-23T19:44:49","date_gmt":"2025-02-23T19:44:49","guid":{"rendered":"https:\/\/247stiri.ro\/index.php\/2025\/02\/23\/sedinta-de-urgenta-la-bruxelles-statele-ue-se-intalnesc-pe-fondul-negocierilor-dintre-sua-si-rusia-pentru-pacea-din-ucraina\/"},"modified":"2025-02-23T19:44:49","modified_gmt":"2025-02-23T19:44:49","slug":"sedinta-de-urgenta-la-bruxelles-statele-ue-se-intalnesc-pe-fondul-negocierilor-dintre-sua-si-rusia-pentru-pacea-din-ucraina","status":"publish","type":"post","link":"https:\/\/247stiri.ro\/index.php\/2025\/02\/23\/sedinta-de-urgenta-la-bruxelles-statele-ue-se-intalnesc-pe-fondul-negocierilor-dintre-sua-si-rusia-pentru-pacea-din-ucraina\/","title":{"rendered":"\u0218edin\u021b\u0103 de urgen\u021b\u0103 la Bruxelles. Statele UE se \u00eent\u00e2lnesc pe fondul negocierilor dintre SUA \u0219i Rusia pentru pacea din Ucraina"},"content":{"rendered":"<p>Un summit european special a fost anun\u021bat de pre\u0219edintele Consiliului European, Antonio Costa, duminic\u0103, 23 februarie. \u00centrunirea statelor membre va fi dedicat\u0103 Ucrainei \u0219i are loc pe fondul negocierilor dintre SUA \u0219i Rusia\u00a0cu privire la \u00eencheierea r\u0103zboiului.<\/p>\n<p>\u201eTr\u0103im un moment decisiv pentru Ucraina \u0219i securitatea european\u0103\u201d, a subliniat Costa \u00eentr-un mesaj publicat pe platforma X.<\/p>\n<p>Data la care va avea loc summitul special dedicat Ucrainei este 6 martie, a anun\u021bat Pre\u0219edintele Consiliului European.<\/p>\n<p>\u201e\u00cen timpul consult\u0103rilor mele cu liderii europeni, am constatat dorin\u021ba comun\u0103 de a aborda aceste provoc\u0103ri la nivelul UE\u201d, a asigurat el.<\/p>\n<p>Europenii \u00eencearc\u0103 s\u0103 elaboreze un r\u0103spuns la contactele dintre americani \u0219i ru\u0219i pe Ucraina, din care p\u00e2n\u0103 acum au fost exclu\u0219i, tem\u00e2ndu-se c\u0103 se va ajunge la un acord \u00een detrimentul Kievului \u0219i f\u0103r\u0103 ca ei s\u0103 aib\u0103 un cuv\u00e2nt de spus, men\u021bioneaz\u0103 AFP.<\/p>\n<p>Antonio Costa s-a angajat s\u0103 colaboreze cu pre\u0219edinta Comisiei Europene, Ursula von der Leyen, \u0219i cu \u201etoate statele membre\u201d, pentru a fi gata s\u0103 \u201eia decizii\u201d pe 6 martie.<\/p>\n<p>\u00cen conferin\u021ba de pres\u0103 sus\u021binut\u0103 duminic\u0103 la Kiev, pre\u0219edintele ucrainean Volodimir Zelenski \u0219i-a exprimat speran\u021ba ca reuniunea ce va avea loc luni cu lideri ai statelor aliate, mai ales europeni, s\u0103 reprezinte un \u201eviraj\u201d.<\/p>\n<p>\u201eVom avea o \u00eent\u00e2lnire important\u0103, m\u00e2ine, un summit. Poate va fi un viraj\u201d, a spus Zelenski, referindu-se la reuniunea anun\u021bat\u0103 mai devreme duminic\u0103 \u0219i la care urmeaz\u0103 ia parte, prin videoconferin\u021b\u0103, mini\u0219trii Ap\u0103r\u0103rii din 13 \u021b\u0103ri europene pentru a defini un r\u0103spuns coordonat la negocierile americano-ruse privind \u00eencheierea r\u0103zboiului din Ucraina \u0219i pentru consolidarea securit\u0103\u021bii Europei.<\/p>\n<p>Reuniunea, care are loc la ini\u021biativa Estoniei \u0219i a Fran\u021bei, la trei ani de la \u00eenceputul r\u0103zboiului, \u00eei va reuni \u0219i pe mini\u0219trii ap\u0103r\u0103rii din Lituania, Letonia, Norvegia, Finlanda, Suedia, Danemarca, \u021a\u0103rile de Jos, Germania, Italia, Polonia \u0219i Marea Britanie, potrivit Ministerului francez al Ap\u0103r\u0103rii.<\/p>","protected":false},"excerpt":{"rendered":"<p>Un summit european special a fost anun\u021bat de pre\u0219edintele Consiliului European, Antonio Costa, duminic\u0103, 23&hellip;<\/p>\n","protected":false},"author":0,"featured_media":34219,"comment_status":"open","ping_status":"open","sticky":false,"template":"","format":"standard","meta":{"footnotes":""},"categories":[2],"tags":[],"class_list":["post-34224","post","type-post","status-publish","format-standard","has-post-thumbnail","hentry","category-actual"],"_links":{"self":[{"href":"https:\/\/247stiri.ro\/index.php\/wp-json\/wp\/v2\/posts\/34224","targetHints":{"allow":["GET"]}}],"collection":[{"href":"https:\/\/247stiri.ro\/index.php\/wp-json\/wp\/v2\/posts"}],"about":[{"href":"https:\/\/247stiri.ro\/index.php\/wp-json\/wp\/v2\/types\/post"}],"replies":[{"embeddable":true,"href":"https:\/\/247stiri.ro\/index.php\/wp-json\/wp\/v2\/comments?post=34224"}],"version-history":[{"count":0,"href":"https:\/\/247stiri.ro\/index.php\/wp-json\/wp\/v2\/posts\/34224\/revisions"}],"wp:featuredmedia":[{"embeddable":true,"href":"https:\/\/247stiri.ro\/index.php\/wp-json\/wp\/v2\/media\/34219"}],"wp:attachment":[{"href":"https:\/\/247stiri.ro\/index.php\/wp-json\/wp\/v2\/media?parent=34224"}],"wp:term":[{"taxonomy":"category","embeddable":true,"href":"https:\/\/247stiri.ro\/index.php\/wp-json\/wp\/v2\/categories?post=34224"},{"taxonomy":"post_tag","embeddable":true,"href":"https:\/\/247stiri.ro\/index.php\/wp-json\/wp\/v2\/tags?post=34224"}],"curies":[{"name":"wp","href":"https:\/\/api.w.org\/{rel}","templated":true}]}}