{"id":34243,"date":"2025-02-23T21:45:50","date_gmt":"2025-02-23T21:45:50","guid":{"rendered":"https:\/\/247stiri.ro\/index.php\/2025\/02\/23\/ilie-bolojan-il-felicita-pe-friedrich-merz-pentru-castigarea-alegerilor-din-germania-astept-cu-nerabdare-sa-lucram-impreuna\/"},"modified":"2025-02-23T21:45:50","modified_gmt":"2025-02-23T21:45:50","slug":"ilie-bolojan-il-felicita-pe-friedrich-merz-pentru-castigarea-alegerilor-din-germania-astept-cu-nerabdare-sa-lucram-impreuna","status":"publish","type":"post","link":"https:\/\/247stiri.ro\/index.php\/2025\/02\/23\/ilie-bolojan-il-felicita-pe-friedrich-merz-pentru-castigarea-alegerilor-din-germania-astept-cu-nerabdare-sa-lucram-impreuna\/","title":{"rendered":"Ilie Bolojan \u00eel felicit\u0103 pe Friedrich Merz pentru c\u00e2\u0219tigarea alegerilor din Germania. \u201dA\u015ftept cu ner\u0103bdare s\u0103 lucr\u0103m \u00eempreun\u0103\u201d"},"content":{"rendered":"<p>\u201dFelicit\u0103ri pentru Friedrich Merz \u015fi prietenilor no\u015ftri din CDU\/CSU pentru c\u00e2\u015ftigarea alegerilor parlamentare din Germania\u201d, a transmis, duminic\u0103 sear\u0103, pre\u015fedintele interimar.<\/p>\n<p>\u00cen mesajul s\u0103u, Ilie Bolojan a \u021binut s\u0103 men\u021bioneze faptul c\u0103 a\u015fteapt\u0103 cu nerabdare colaborarea Rom\u00e2niei cu Germania.<\/p>\n<p>\u201dA\u015ftept cu ner\u0103bdare s\u0103 lucr\u0103m \u00eempreun\u0103 pentru a consolida rela\u0163iile noastre bilaterale \u015fi securitatea continentului \u00een aceste vremuri tulburi\u201d, a mai transmis pre\u015fedintele.<\/p>\n<p>Conservatorii germani din Uniunea Cre\u015ftin Democrat\u0103 (CDU) \u015fi Uniunea Cre\u015ftin Social\u0103 (CSU) au ob\u0163inut o victorie \u00een <a href=\"https:\/\/www.realitatea.net\/stiri\/actual\/alegeri-germania-rezultate-exit-poll-ce-partide-sunt-in-top_67bb579fe54d964c65198bd2\" target=\"_blank\">alegerile legislative anticipate <\/a>de duminic\u0103, cu 28,5-29% din voturile exprimate.<\/p>\n<p>La r\u00e2ndul s\u0103u, Partidul Alternativa pentru Germania (AfD, extrem\u0103 dreapta) a ob\u0163inut un rezultat f\u0103r\u0103 precedent, de 19,5-20%, cel mai bun din istoria sa, conform rezultatelor sondajelor realizate la ie\u015firea de la urne.<\/p>","protected":false},"excerpt":{"rendered":"<p>\u201dFelicit\u0103ri pentru Friedrich Merz \u015fi prietenilor no\u015ftri din CDU\/CSU pentru c\u00e2\u015ftigarea alegerilor parlamentare din Germania\u201d,&hellip;<\/p>\n","protected":false},"author":0,"featured_media":34239,"comment_status":"open","ping_status":"open","sticky":false,"template":"","format":"standard","meta":{"footnotes":""},"categories":[2],"tags":[],"class_list":["post-34243","post","type-post","status-publish","format-standard","has-post-thumbnail","hentry","category-actual"],"_links":{"self":[{"href":"https:\/\/247stiri.ro\/index.php\/wp-json\/wp\/v2\/posts\/34243","targetHints":{"allow":["GET"]}}],"collection":[{"href":"https:\/\/247stiri.ro\/index.php\/wp-json\/wp\/v2\/posts"}],"about":[{"href":"https:\/\/247stiri.ro\/index.php\/wp-json\/wp\/v2\/types\/post"}],"replies":[{"embeddable":true,"href":"https:\/\/247stiri.ro\/index.php\/wp-json\/wp\/v2\/comments?post=34243"}],"version-history":[{"count":0,"href":"https:\/\/247stiri.ro\/index.php\/wp-json\/wp\/v2\/posts\/34243\/revisions"}],"wp:featuredmedia":[{"embeddable":true,"href":"https:\/\/247stiri.ro\/index.php\/wp-json\/wp\/v2\/media\/34239"}],"wp:attachment":[{"href":"https:\/\/247stiri.ro\/index.php\/wp-json\/wp\/v2\/media?parent=34243"}],"wp:term":[{"taxonomy":"category","embeddable":true,"href":"https:\/\/247stiri.ro\/index.php\/wp-json\/wp\/v2\/categories?post=34243"},{"taxonomy":"post_tag","embeddable":true,"href":"https:\/\/247stiri.ro\/index.php\/wp-json\/wp\/v2\/tags?post=34243"}],"curies":[{"name":"wp","href":"https:\/\/api.w.org\/{rel}","templated":true}]}}