{"id":34246,"date":"2025-02-23T21:45:51","date_gmt":"2025-02-23T21:45:51","guid":{"rendered":"https:\/\/247stiri.ro\/index.php\/2025\/02\/23\/incident-grav-in-bistrita-nasaud-patru-persoane-posibil-intoxicate-cu-monoxid-de-carbon-au-fost-transportate-de-urgenta-la-spital\/"},"modified":"2025-02-23T21:45:51","modified_gmt":"2025-02-23T21:45:51","slug":"incident-grav-in-bistrita-nasaud-patru-persoane-posibil-intoxicate-cu-monoxid-de-carbon-au-fost-transportate-de-urgenta-la-spital","status":"publish","type":"post","link":"https:\/\/247stiri.ro\/index.php\/2025\/02\/23\/incident-grav-in-bistrita-nasaud-patru-persoane-posibil-intoxicate-cu-monoxid-de-carbon-au-fost-transportate-de-urgenta-la-spital\/","title":{"rendered":"Incident grav \u00een Bistri\u021ba-N\u0103s\u0103ud. Patru persoane, posibil intoxicate cu monoxid de carbon, au fost transportate de urgen\u021b\u0103 la spital"},"content":{"rendered":"<p>Reprezentan\u021bii ISU Bistri\u021ba-N\u0103s\u0103ud au anun\u021bat c\u0103 doi copii \u0219i trei adul\u021bi, cu stare general\u0103 alterat\u0103, au fost evalua\u0163i de echipaje medicale, posibil cu intoxica\u0163ie cu monoxid de carbon.<\/p>\n<p>Potrivit lor, patru dintre victime, doi adul\u021bi \u0219i doi copii, au fost <a href=\"https:\/\/www.realitatea.net\/stiri\/actual\/doi-politisti-la-spital-dupa-ce-autospeciala-de-politie-cu-care-se-deplasau-sa-lovit-de-un-cap-de-pod-si-sa-rasturnat_67b8387373d28161231fe243\" target=\"_blank\">transportate de urgen\u021b\u0103<\/a> la UPU SMURD Bistri\u0163a pentru investiga\u0163ii medicale suplimentare.<\/p>\n<p>\u201dPosibil intoxica\u0163ie cu monoxid de carbon \u00een localitatea componenta Viisoara, municipiul Bistrita &#8211; trei adul\u0163i \u015fi doi copii, prelua\u0163i con\u015ftien\u0163i, cu stare generala alterata de c\u0103tre echipajele SMURD\u201d, a transmis, duminic\u0103 sear\u0103, ISU Bistri\u0163a-N\u0103s\u0103ud.<\/p>\n<p>\u00centre timp, un echipaj de pompieri a intervenit la fa\u0163a locului, pentru realizarea m\u0103sur\u0103torilor specifice cu tehnica din dotare, pentru identificarea cauzei incidentului.<\/p>\n<p>\u201d\u00cen urma verific\u0103rilor preliminare, incidentul a fost provocat de un aparat de g\u0103tit alimentat de la un generator pe combustibil lichid &#8211; benzina (introdus \u00een locuin\u0163\u0103). La momentul realiz\u0103rii m\u0103sur\u0103torilor, concentra\u0163ia de monoxid de carbon \u00een locuin\u0163\u0103 era sc\u0103zut\u0103\u201d, a transmis ISU Bistri\u0163a-N\u0103s\u0103ud.<\/p>","protected":false},"excerpt":{"rendered":"<p>Reprezentan\u021bii ISU Bistri\u021ba-N\u0103s\u0103ud au anun\u021bat c\u0103 doi copii \u0219i trei adul\u021bi, cu stare general\u0103 alterat\u0103,&hellip;<\/p>\n","protected":false},"author":0,"featured_media":34247,"comment_status":"open","ping_status":"open","sticky":false,"template":"","format":"standard","meta":{"footnotes":""},"categories":[2],"tags":[],"class_list":["post-34246","post","type-post","status-publish","format-standard","has-post-thumbnail","hentry","category-actual"],"_links":{"self":[{"href":"https:\/\/247stiri.ro\/index.php\/wp-json\/wp\/v2\/posts\/34246","targetHints":{"allow":["GET"]}}],"collection":[{"href":"https:\/\/247stiri.ro\/index.php\/wp-json\/wp\/v2\/posts"}],"about":[{"href":"https:\/\/247stiri.ro\/index.php\/wp-json\/wp\/v2\/types\/post"}],"replies":[{"embeddable":true,"href":"https:\/\/247stiri.ro\/index.php\/wp-json\/wp\/v2\/comments?post=34246"}],"version-history":[{"count":0,"href":"https:\/\/247stiri.ro\/index.php\/wp-json\/wp\/v2\/posts\/34246\/revisions"}],"wp:featuredmedia":[{"embeddable":true,"href":"https:\/\/247stiri.ro\/index.php\/wp-json\/wp\/v2\/media\/34247"}],"wp:attachment":[{"href":"https:\/\/247stiri.ro\/index.php\/wp-json\/wp\/v2\/media?parent=34246"}],"wp:term":[{"taxonomy":"category","embeddable":true,"href":"https:\/\/247stiri.ro\/index.php\/wp-json\/wp\/v2\/categories?post=34246"},{"taxonomy":"post_tag","embeddable":true,"href":"https:\/\/247stiri.ro\/index.php\/wp-json\/wp\/v2\/tags?post=34246"}],"curies":[{"name":"wp","href":"https:\/\/api.w.org\/{rel}","templated":true}]}}