{"id":34257,"date":"2025-02-24T06:46:55","date_gmt":"2025-02-24T06:46:55","guid":{"rendered":"https:\/\/247stiri.ro\/index.php\/2025\/02\/24\/friedrich-merz-viitorul-cancelar-al-germaniei-promite-independenta-germaniei-si-a-europei-fata-de-sua-administratia-trump-este-indiferenta-fata-de-europa\/"},"modified":"2025-02-24T06:46:55","modified_gmt":"2025-02-24T06:46:55","slug":"friedrich-merz-viitorul-cancelar-al-germaniei-promite-independenta-germaniei-si-a-europei-fata-de-sua-administratia-trump-este-indiferenta-fata-de-europa","status":"publish","type":"post","link":"https:\/\/247stiri.ro\/index.php\/2025\/02\/24\/friedrich-merz-viitorul-cancelar-al-germaniei-promite-independenta-germaniei-si-a-europei-fata-de-sua-administratia-trump-este-indiferenta-fata-de-europa\/","title":{"rendered":"Friedrich Merz, viitorul cancelar al Germaniei, promite \u201eindependen\u021ba\u201d Germaniei \u0219i a Europei fa\u021b\u0103 de SUA: \u201dAdministra\u021bia Trump este indiferent\u0103 fa\u021b\u0103 de Europa\u201d"},"content":{"rendered":"<p>\u201eComunic \u00eendeaproape cu o mul\u021bime de prim-mini\u0219tri \u0219i \u0219efi de state UE \u0219i pentru mine este o prioritate absolut\u0103 s\u0103 consolid\u0103m Europa c\u00e2t mai repede posibil, astfel \u00eenc\u00e2t s\u0103 ob\u021binem independen\u021ba fa\u021b\u0103 de SUA, pas cu pas\u201d, a spus Merz.<\/p>\n<p>\u201eNu m-am g\u00e2ndit niciodat\u0103 c\u0103 voi avea nevoie s\u0103 spun vreodat\u0103 a\u0219a ceva, la televiziune, dar dup\u0103 ultimele declara\u021bii f\u0103cute de Donald Trump s\u0103pt\u0103m\u00e2na trecut\u0103, este clar c\u0103 americanilor \u2013 \u00een orice caz, ace\u0219ti americani, aceast\u0103 administra\u021bie \u2013 \u00een mare parte nu le pas\u0103 de soarta Europei \u00eentr-un fel sau altul\u201d, a ad\u0103ugat liderul CDU.<\/p>\n<p>Merz a spus c\u0103 nu este sigur ce rezerv\u0103 viitorul pentru NATO \u0219i dac\u0103 Europa va trebui s\u0103 ac\u021bioneze rapid pentru a-\u0219i consolida propria ap\u0103rare.<\/p>\n<p>Viitorul cancelar l-a criticat, de asemenea, \u0219i pe m\u00e2na dreapt\u0103 a lui Trump, miliardarul excentric, Elon Musk, pentru amestecul \u00een campania electoral\u0103 german\u0103 \u0219i sus\u021binerea f\u0103\u021bis\u0103 fa\u021b\u0103 de AfD, spun\u00e2nd c\u0103 \u201einterven\u021bia de la Washington nu a fost mai pu\u021bin drastic\u0103, dramatic\u0103 \u0219i, \u00een cele din urm\u0103, nu a fost mai pu\u021bin nepl\u0103cut\u0103 dec\u00e2t interven\u021bia pe care am v\u0103zut-o de la Moscova\u201d.<\/p>","protected":false},"excerpt":{"rendered":"<p>\u201eComunic \u00eendeaproape cu o mul\u021bime de prim-mini\u0219tri \u0219i \u0219efi de state UE \u0219i pentru mine&hellip;<\/p>\n","protected":false},"author":0,"featured_media":34258,"comment_status":"open","ping_status":"open","sticky":false,"template":"","format":"standard","meta":{"footnotes":""},"categories":[2],"tags":[],"class_list":["post-34257","post","type-post","status-publish","format-standard","has-post-thumbnail","hentry","category-actual"],"_links":{"self":[{"href":"https:\/\/247stiri.ro\/index.php\/wp-json\/wp\/v2\/posts\/34257","targetHints":{"allow":["GET"]}}],"collection":[{"href":"https:\/\/247stiri.ro\/index.php\/wp-json\/wp\/v2\/posts"}],"about":[{"href":"https:\/\/247stiri.ro\/index.php\/wp-json\/wp\/v2\/types\/post"}],"replies":[{"embeddable":true,"href":"https:\/\/247stiri.ro\/index.php\/wp-json\/wp\/v2\/comments?post=34257"}],"version-history":[{"count":0,"href":"https:\/\/247stiri.ro\/index.php\/wp-json\/wp\/v2\/posts\/34257\/revisions"}],"wp:featuredmedia":[{"embeddable":true,"href":"https:\/\/247stiri.ro\/index.php\/wp-json\/wp\/v2\/media\/34258"}],"wp:attachment":[{"href":"https:\/\/247stiri.ro\/index.php\/wp-json\/wp\/v2\/media?parent=34257"}],"wp:term":[{"taxonomy":"category","embeddable":true,"href":"https:\/\/247stiri.ro\/index.php\/wp-json\/wp\/v2\/categories?post=34257"},{"taxonomy":"post_tag","embeddable":true,"href":"https:\/\/247stiri.ro\/index.php\/wp-json\/wp\/v2\/tags?post=34257"}],"curies":[{"name":"wp","href":"https:\/\/api.w.org\/{rel}","templated":true}]}}