{"id":34273,"date":"2025-02-24T07:44:48","date_gmt":"2025-02-24T07:44:48","guid":{"rendered":"https:\/\/247stiri.ro\/index.php\/2025\/02\/24\/toti-ochii-spre-kiev-reuniune-de-urgenta-a-liderilor-ue-la-3-ani-de-conflict-armat-cu-rusia-pericolul-care-pandeste-europa\/"},"modified":"2025-02-24T07:44:48","modified_gmt":"2025-02-24T07:44:48","slug":"toti-ochii-spre-kiev-reuniune-de-urgenta-a-liderilor-ue-la-3-ani-de-conflict-armat-cu-rusia-pericolul-care-pandeste-europa","status":"publish","type":"post","link":"https:\/\/247stiri.ro\/index.php\/2025\/02\/24\/toti-ochii-spre-kiev-reuniune-de-urgenta-a-liderilor-ue-la-3-ani-de-conflict-armat-cu-rusia-pericolul-care-pandeste-europa\/","title":{"rendered":"To\u021bi ochii spre Kiev! Reuniune de urgen\u021b\u0103 a liderilor UE, la 3 ani de conflict armat cu Rusia: PERICOLUL care p\u00e2nde\u0219te Europa"},"content":{"rendered":"<p>Pre\u0219edintele Emmanuel Macron va merge la Washington, unde va sta de vorb\u0103 cu pre\u0219edintele Donald Trump \u0219i \u00eei va cere s\u0103 nu cedeze presiunilor Rusiei. Sunt tensiuni f\u0103r\u0103 precedent pe scena european\u0103 dup\u0103 ce informa\u021bii scurse din \u00eent\u00e2lnirea de la Riad dintre Statele Unite \u0219i Federa\u021bia Rus\u0103, poreclit\u0103 \u201eIalta 2\u201d, au dezv\u0103luit c\u0103 Rusia ar fi cerut \u00eemp\u0103r\u021birea sferelor de influen\u021b\u0103 \u0219i retragerea trupelor americane din estul Europei, inclusiv din Rom\u00e2nia. Dimitri Peskov, purt\u0103torul de cuv\u00e2nt al Kremlinului, neag\u0103 scenariul, \u00eens\u0103 liderii europeni vorbesc deja despre declan\u0219area celui de-al Treilea R\u0103zboi Mondial.<\/p>\n<p>&#8222;M\u0103 feresc \u00eentotdeauna de cuvinte mari. Cu adev\u0103rat, avem un conflict \u00een Ucraina, unde ru\u0219ii au decis s\u0103 globalizeze lucrurile. \u00cen momentul \u00een care ru\u0219ii lupt\u0103 cu materie prim\u0103 iranian\u0103, c\u00e2nd aduc solda\u021bi nord-coreeni \u00een Ucraina, atunci ru\u0219ii au mondializat r\u0103zboiul din Ucraina. Se va limita asta la teatrul ucrainean? Trebuie s\u0103 sper\u0103m c\u0103 da. Rusia este deja agresiv\u0103 cu \u00eentreaga Europ\u0103. Noi suntem preg\u0103ti\u021bi s\u0103 ripost\u0103m&#8221;, a declarat Macron.<\/p>\n<p>\u0218i Friedrich Merz, cel care ar putea fi urm\u0103torul cancelar al Germaniei, a avertizat c\u0103 Europa trebuie s\u0103 fie preg\u0103tit\u0103 s\u0103 se apere f\u0103r\u0103 ajutorul Statelor Unite. Este \u0219i contextul \u00een care liderii europeni se reunesc AST\u0102ZI la Kiev, \u00een format hibrid. Potrivit Administra\u021biei Preziden\u021biale, pre\u0219edintele Ilie Bolojan va participa online la discu\u021bii. Potrivit unor surse, dup\u0103 discu\u021biile cu liderii europeni se preg\u0103te\u0219te \u0219i convocarea \u0219edin\u021bei CSAT.<\/p>\n<p>Aceast\u0103 decizie vine dupa mai multe presiuni atat din partea premierului Marcel Ciolacu, cat si din partea candidatului comun al Aliantei PSD-PNL-UDMR, Crin antonescu, care spunea ca ar fi bine ca o astfel de sedinta sa fie convocata cat mai curand.<\/p>\n<p>Pe ordinea de zi ar putea ap\u0103rea subiecte legate de securitatea na\u021bional\u0103, dar ar putea fi reanalizate \u0219i documentele care au dus la anularea alegerilor.<\/p>","protected":false},"excerpt":{"rendered":"<p>Pre\u0219edintele Emmanuel Macron va merge la Washington, unde va sta de vorb\u0103 cu pre\u0219edintele Donald&hellip;<\/p>\n","protected":false},"author":0,"featured_media":34253,"comment_status":"open","ping_status":"open","sticky":false,"template":"","format":"standard","meta":{"footnotes":""},"categories":[4],"tags":[],"class_list":["post-34273","post","type-post","status-publish","format-standard","has-post-thumbnail","hentry","category-extern"],"_links":{"self":[{"href":"https:\/\/247stiri.ro\/index.php\/wp-json\/wp\/v2\/posts\/34273","targetHints":{"allow":["GET"]}}],"collection":[{"href":"https:\/\/247stiri.ro\/index.php\/wp-json\/wp\/v2\/posts"}],"about":[{"href":"https:\/\/247stiri.ro\/index.php\/wp-json\/wp\/v2\/types\/post"}],"replies":[{"embeddable":true,"href":"https:\/\/247stiri.ro\/index.php\/wp-json\/wp\/v2\/comments?post=34273"}],"version-history":[{"count":0,"href":"https:\/\/247stiri.ro\/index.php\/wp-json\/wp\/v2\/posts\/34273\/revisions"}],"wp:featuredmedia":[{"embeddable":true,"href":"https:\/\/247stiri.ro\/index.php\/wp-json\/wp\/v2\/media\/34253"}],"wp:attachment":[{"href":"https:\/\/247stiri.ro\/index.php\/wp-json\/wp\/v2\/media?parent=34273"}],"wp:term":[{"taxonomy":"category","embeddable":true,"href":"https:\/\/247stiri.ro\/index.php\/wp-json\/wp\/v2\/categories?post=34273"},{"taxonomy":"post_tag","embeddable":true,"href":"https:\/\/247stiri.ro\/index.php\/wp-json\/wp\/v2\/tags?post=34273"}],"curies":[{"name":"wp","href":"https:\/\/api.w.org\/{rel}","templated":true}]}}