{"id":34277,"date":"2025-02-24T07:44:49","date_gmt":"2025-02-24T07:44:49","guid":{"rendered":"https:\/\/247stiri.ro\/index.php\/2025\/02\/24\/medic-la-urgenta-limbaj-suburban-la-adresa-pacientilor-tarani-cocliti-si-analfabeti-sictir-neterminatilor\/"},"modified":"2025-02-24T07:44:49","modified_gmt":"2025-02-24T07:44:49","slug":"medic-la-urgenta-limbaj-suburban-la-adresa-pacientilor-tarani-cocliti-si-analfabeti-sictir-neterminatilor","status":"publish","type":"post","link":"https:\/\/247stiri.ro\/index.php\/2025\/02\/24\/medic-la-urgenta-limbaj-suburban-la-adresa-pacientilor-tarani-cocliti-si-analfabeti-sictir-neterminatilor\/","title":{"rendered":"Medic la Urgen\u021b\u0103, limbaj suburban la adresa pacien\u021bilor: &#8222;\u021aa\u0306rani coclit\u0326i s\u0326i analfabet\u0326i. Sictir, netermina\u021bilor!&#8221;"},"content":{"rendered":"<p>Medicul Sorin Alexandru, de la Unitatea de Primiri Urgent\u0326e (UPU) a Spitalului Judet\u0326ean de Urgent\u0326a\u0306 Va\u0302lcea, a transmis un mesaj extrem de dur, folosind un limbaj agresiv \u0219i ofensator la adresa unora dintre pacient\u0326ii unita\u0306t\u0326ii sanitare.<\/p>\n<p>\u201eV\u00e2lcea &#8211; un oras\u0326 s\u0326i un judet\u0326 cu o gra\u0306mada\u0306 de t\u0326a\u0306rani coclit\u0326i s\u0326i analfabet\u0326i, la care se umfla\u0306 placajul pe ei cum ca\u0306 au drepturi, ca\u0306 nu sunt tratat\u0326i corect i\u0302n spitale, dar majoritatea din cei care fac scandal pe facebook (ca\u0306 de-aia s-a dat ba\u0302ta-n ma\u0302na\u0306 la maimut\u0326e) nu sunt i\u0302n stare sa\u0306 t\u0326ina\u0306 un stilou i\u0302n ma\u0302n\u0103, dar sa\u0306 mai s\u0326i scrie corect gramatical. S\u0326i nu doar corect gramatical, dar nu i\u0302nt\u0326elegi o fraza\u0306 scrisa\u0306 de ei, nici ma\u0306car nu sunt i\u0302n stare sa\u0306 o duca\u0306 pa\u0302na\u0306 la capa\u0306t. Ei pla\u0306tesc medicii&#8230; Pla\u0306tit\u0326i pe p***a ma\u0306-tii, ba\u0306!!! Tot\u0326i neterminat\u0326ii&#8230; La ca\u0302ta\u0306 cerneala\u0306 at\u0326i ba\u0306ut s\u0326i ca\u0302t ca\u0302s\u0326tigat\u0326i voi, ar muri dreaq medicii de foame, idiot\u0326ilor!!!\u201d, a scris medicul, pe Facebook.<\/p>\n<p>Medicul \u00ee\u0219i amenin\u021b\u0103 pacien\u021bii, pe care \u00eei descrie ca fiind \u201eneica nimeni\u201d sau \u201eni\u0219te milogi ordinari\u201d, c\u0103 \u201eo sa\u0306 primit\u0326i de acum i\u0302ncolo ca\u0302nd venit\u0326i i\u0302n UPU strict ce meritat\u0326i\u201d.<\/p>\n<p>\u201eNis\u0326te neica nimeni care nu s\u0326tiu deca\u0302t sa\u0306 invoce \u00abpe Ra\u0306dulescu\u00bb (nr. Constantin Ra\u0306dulescu, pres\u0326edintele Consiliului Judet\u0326ean Va\u0302lcea). Ba\u0306i, dobitocilor, are s\u0326i omul a\u0306la probleme importante de rezolvat, nu sa\u0306 stea la cheremul tuturor idiot\u0326ilor ca voi, analfabet\u0326i s\u0326i nesimt\u0326it\u0326i, sa\u0306 va oblojeasca\u0306 voua\u0306 frustra\u0306rile neputint\u0326ei s\u0326i a rata\u0306rii viet\u0326ii personale!!! Ca\u0306 venit\u0326i i\u0302n UPU toata\u0306 ziua ca nis\u0326te milogi ordinari pentru probleme care nu au nicio lega\u0306tura\u0306 cu urgent\u0326a\u0306 medicala\u0306. Sictir! O sa\u0306 primit\u0326i de acum i\u0302ncolo ca\u0302nd venit\u0326i i\u0302n UPU strict ce meritat\u0326i!!!\u201d, a mai precizat medicul.<\/p>\n<p>Medicul recunoa\u0219te c\u0103 a scris mesajul<\/p>\n<p>Limbajul agresiv \u0219i ofensator folosit de Sorin Alexandru a st\u00e2rnit indignare \u00een r\u00e2ndul oamenilor.<\/p>\n<p>Sorin Alexandru recunoa\u0219te c\u0103 mesajul \u00eei apar\u021bine \u0219i spune c\u0103 s-a adresat acelor oameni \u201ecu lipsa\u0306 de cultura\u0306 medicala\u0306 s\u0326i probabil s\u0326i de cultura\u0306 generala\u0306\u201d, care stau s\u0326i i\u0302njura\u0306 pe Facebook.\u00a0<\/p>\n<p>\u201eIdeea este ca\u0306 ves\u0326nic suntem ba\u0306la\u0306ca\u0306rit\u0326i, tot\u0326i medicii din spital, nu numai i\u0302n UPU. Noi mai mult, ca\u0306 suntem primii, la poarta\u0306, cum se spune, dar tot\u0326i medicii sunt denigrat\u0326i: ca\u0306 toata\u0306 lumea este s\u0326pa\u0306gara\u0306, sunt nenorocit\u0326i, omoara\u0306 oameni i\u0302n spital. E ceva ce nu se mai poate accepta, totus\u0326i. Nu pierdem nopt\u0326i i\u0302n s\u0326ir sa\u0306 facem ce trebuie s\u0326i apoi sa\u0306 fim i\u0302njurat\u0326i permanent de un grup. E un grup de oameni. Ne i\u0302njura\u0306 zilnic, ne ba\u0306la\u0306ca\u0306resc, ne fac ca la us\u0326a cortului. Critica este buna\u0306, dar ce fac aces\u0326ti oameni (pe ret\u0326eaua de socializare \u2013 n.r.) nu e critica\u0306\u201d, a spus medicul Sorin Alexandru, potrivit News.ro.<\/p>","protected":false},"excerpt":{"rendered":"<p>Medicul Sorin Alexandru, de la Unitatea de Primiri Urgent\u0326e (UPU) a Spitalului Judet\u0326ean de Urgent\u0326a\u0306&hellip;<\/p>\n","protected":false},"author":0,"featured_media":34278,"comment_status":"open","ping_status":"open","sticky":false,"template":"","format":"standard","meta":{"footnotes":""},"categories":[2],"tags":[],"class_list":["post-34277","post","type-post","status-publish","format-standard","has-post-thumbnail","hentry","category-actual"],"_links":{"self":[{"href":"https:\/\/247stiri.ro\/index.php\/wp-json\/wp\/v2\/posts\/34277","targetHints":{"allow":["GET"]}}],"collection":[{"href":"https:\/\/247stiri.ro\/index.php\/wp-json\/wp\/v2\/posts"}],"about":[{"href":"https:\/\/247stiri.ro\/index.php\/wp-json\/wp\/v2\/types\/post"}],"replies":[{"embeddable":true,"href":"https:\/\/247stiri.ro\/index.php\/wp-json\/wp\/v2\/comments?post=34277"}],"version-history":[{"count":0,"href":"https:\/\/247stiri.ro\/index.php\/wp-json\/wp\/v2\/posts\/34277\/revisions"}],"wp:featuredmedia":[{"embeddable":true,"href":"https:\/\/247stiri.ro\/index.php\/wp-json\/wp\/v2\/media\/34278"}],"wp:attachment":[{"href":"https:\/\/247stiri.ro\/index.php\/wp-json\/wp\/v2\/media?parent=34277"}],"wp:term":[{"taxonomy":"category","embeddable":true,"href":"https:\/\/247stiri.ro\/index.php\/wp-json\/wp\/v2\/categories?post=34277"},{"taxonomy":"post_tag","embeddable":true,"href":"https:\/\/247stiri.ro\/index.php\/wp-json\/wp\/v2\/tags?post=34277"}],"curies":[{"name":"wp","href":"https:\/\/api.w.org\/{rel}","templated":true}]}}