{"id":34283,"date":"2025-02-24T07:44:51","date_gmt":"2025-02-24T07:44:51","guid":{"rendered":"https:\/\/247stiri.ro\/index.php\/2025\/02\/24\/zelenski-mesaj-la-trei-ani-de-razboi-cu-rusia-trei-ani-de-rezistenta-trei-ani-de-recunostinta-trei-ani-de-eroism-absolut-al-ucrainenilor-sunt-mandru-de-ucraina\/"},"modified":"2025-02-24T07:44:51","modified_gmt":"2025-02-24T07:44:51","slug":"zelenski-mesaj-la-trei-ani-de-razboi-cu-rusia-trei-ani-de-rezistenta-trei-ani-de-recunostinta-trei-ani-de-eroism-absolut-al-ucrainenilor-sunt-mandru-de-ucraina","status":"publish","type":"post","link":"https:\/\/247stiri.ro\/index.php\/2025\/02\/24\/zelenski-mesaj-la-trei-ani-de-razboi-cu-rusia-trei-ani-de-rezistenta-trei-ani-de-recunostinta-trei-ani-de-eroism-absolut-al-ucrainenilor-sunt-mandru-de-ucraina\/","title":{"rendered":"Zelenski, mesaj la trei ani de r\u0103zboi cu Rusia: \u201dTrei ani de rezisten\u0163\u0103. Trei ani de recuno\u015ftin\u0163\u0103. Trei ani de eroism absolut al ucrainenilor. Sunt m\u00e2ndru de Ucraina!\u201d"},"content":{"rendered":"<p>\u201eTrei ani de rezisten\u0163\u0103. Trei ani de recuno\u015ftin\u0163\u0103. Trei ani de eroism absolut al ucrainenilor. Sunt m\u00e2ndru de Ucraina!\u201d, a spus Zelenski \u00eentr-o postare \u00eenso\u0163it\u0103 de un videoclip care \u00eei arat\u0103 pe ucraineni lup\u00e2nd pe linia frontului sau desf\u0103\u015fur\u00e2ndu-\u015fi activit\u0103\u0163ile zilnice pe timp de r\u0103zboi.<\/p>\n<p>\u201eMul\u0163umesc tuturor celor care protejeaz\u0103 \u015fi ajut\u0103.\u00a0Tuturor celor care lucreaz\u0103 pentru Ucraina. \u015ei fie ca memoria tuturor celor care \u015fi-au dat via\u0163a pentru statul \u015fi poporul nostru s\u0103 fie ve\u015fnic\u0103\u201d, a transmis pre\u015fedintele ucrainean.<\/p>\n<p>Liderii UE, inclusiv pre\u015fedinta Comisiei Europene, Ursula von der Leyen, au sosit luni diminea\u0163a la Kiev \u00een semn de sprijin pentru Ucraina. Ursula von der Leyen a scris, la r\u00e2ndul ei, pe X: \u201eLa trei ani de la invazia brutal\u0103 a Rusiei, Europa este la Kiev. Suntem ast\u0103zi la Kiev, pentru c\u0103 Ucraina este Europa. \u00cen aceast\u0103 lupt\u0103 pentru supravie\u0163uire, nu este \u00een joc doar destinul Ucrainei. Este vorba de destinul Europei\u201d.<\/p>","protected":false},"excerpt":{"rendered":"<p>\u201eTrei ani de rezisten\u0163\u0103. Trei ani de recuno\u015ftin\u0163\u0103. Trei ani de eroism absolut al ucrainenilor.&hellip;<\/p>\n","protected":false},"author":0,"featured_media":34284,"comment_status":"open","ping_status":"open","sticky":false,"template":"","format":"standard","meta":{"footnotes":""},"categories":[2],"tags":[],"class_list":["post-34283","post","type-post","status-publish","format-standard","has-post-thumbnail","hentry","category-actual"],"_links":{"self":[{"href":"https:\/\/247stiri.ro\/index.php\/wp-json\/wp\/v2\/posts\/34283","targetHints":{"allow":["GET"]}}],"collection":[{"href":"https:\/\/247stiri.ro\/index.php\/wp-json\/wp\/v2\/posts"}],"about":[{"href":"https:\/\/247stiri.ro\/index.php\/wp-json\/wp\/v2\/types\/post"}],"replies":[{"embeddable":true,"href":"https:\/\/247stiri.ro\/index.php\/wp-json\/wp\/v2\/comments?post=34283"}],"version-history":[{"count":0,"href":"https:\/\/247stiri.ro\/index.php\/wp-json\/wp\/v2\/posts\/34283\/revisions"}],"wp:featuredmedia":[{"embeddable":true,"href":"https:\/\/247stiri.ro\/index.php\/wp-json\/wp\/v2\/media\/34284"}],"wp:attachment":[{"href":"https:\/\/247stiri.ro\/index.php\/wp-json\/wp\/v2\/media?parent=34283"}],"wp:term":[{"taxonomy":"category","embeddable":true,"href":"https:\/\/247stiri.ro\/index.php\/wp-json\/wp\/v2\/categories?post=34283"},{"taxonomy":"post_tag","embeddable":true,"href":"https:\/\/247stiri.ro\/index.php\/wp-json\/wp\/v2\/tags?post=34283"}],"curies":[{"name":"wp","href":"https:\/\/api.w.org\/{rel}","templated":true}]}}