{"id":34285,"date":"2025-02-24T07:44:52","date_gmt":"2025-02-24T07:44:52","guid":{"rendered":"https:\/\/247stiri.ro\/index.php\/2025\/02\/24\/buruiana-omul-care-intermedia-spagile-lui-dumitru-buzatu-scapa-de-inchisoare-nu-exista-interes-pentru-ancheta-spun-procurorii\/"},"modified":"2025-02-24T07:44:52","modified_gmt":"2025-02-24T07:44:52","slug":"buruiana-omul-care-intermedia-spagile-lui-dumitru-buzatu-scapa-de-inchisoare-nu-exista-interes-pentru-ancheta-spun-procurorii","status":"publish","type":"post","link":"https:\/\/247stiri.ro\/index.php\/2025\/02\/24\/buruiana-omul-care-intermedia-spagile-lui-dumitru-buzatu-scapa-de-inchisoare-nu-exista-interes-pentru-ancheta-spun-procurorii\/","title":{"rendered":"Buruian\u0103, omul care intermedia \u0219p\u0103gile lui Dumitru Buzatu, scap\u0103 de \u00eenchisoare. \u201eNu exist\u0103 interes pentru anchet\u0103\u201d, spun procurorii"},"content":{"rendered":"<p>Ioan Buruian\u0103, fostul director economic al Direc\u021biei Generale de Asisten\u021b\u0103 \u0219i Protec\u021bia Copilului (DGASPC) Vaslui, a f\u0103cut primele declara\u021bii despre flagrantul \u00een cadrul c\u0103ruia pre\u0219edintele CJ a fost prins lu\u00e2nd o \u0219pag\u0103 de 1,25 milioane lei.\u00a0Acesta a spus c\u0103 nu ar avea nicio implicare \u00een mit\u0103 \u0219i c\u0103, de fapt, la mijloc ar fi o \u201cf\u0103c\u0103tur\u0103 politic\u0103\u201d: \u201c\u00een acest caz de mit\u0103 nu am avut nicio implicare, nicio cuno\u0219tin\u021b\u0103, nici \u00een momentul de fa\u021b\u0103 nu prea cred. \u00cen primul r\u00e2nd, nici nu se pot manevra at\u00e2\u021bia bani \u00een ziua de ast\u0103zi, adic\u0103 fizic s\u0103 umbli cu at\u00e2\u021bia bani, cu sacul, ca \u00een epoca primitiv\u0103. Eu pur \u0219i simplu am c\u0103zut \u00eentr-o plas\u0103 aiurea\u201d. Ioan Buruian\u0103 are, momentan, calitatea de martor \u00een acest dosar.<\/p>\n<p>Fostul director a povestit c\u0103 a fost chemat, s\u00e2mb\u0103t\u0103, la audierile procurorilor DNA, unde a dat declara\u021bii: \u201ceu am fost la pescuit, ca de altfel de mai multe ori \u0219i, \u00een general, eu \u00eel chemam pe domnul pre\u0219edinte la pescuit ca s\u0103 se relaxeze. Acolo, la Savin, nu prea m\u0103 primea pe mine, c\u00e2nd voiam eu s\u0103 merg la pescuit \u0219i atunci apelam la domnul pre\u0219edinte s\u0103 vorbeasc\u0103, ca s\u0103 m\u0103 primeasc\u0103, sau s\u0103 mergem \u00eempreun\u0103. Toate impresiile acestea, c\u0103 eu a\u0219 fi avut vreo implicare, apar de la insisten\u021ba mea telefonic\u0103 s\u0103 vin\u0103 domnul pre\u0219edinte la pescuit la balt\u0103, dar care, de fapt, se datoreaz\u0103 faptului c\u0103 domnul Savin mi-a spus c\u0103 dac\u0103 vin la pescuit s\u0103 \u00eel chem \u0219i pe domnul pre\u0219edinte, c\u0103 d\u0103 o friptur\u0103 \u0219i o sticl\u0103 de vin cu ocazia unei s\u0103rb\u0103tori, a unei zile de na\u0219tere. Eu am crezut c\u0103 e ziua lui de na\u0219tere, dar de fapt, c\u00e2nd a venit a zis c\u0103 nu e ziua lui, ci a uneia dintre fetele lui. \u00cen rest, nu am nicio leg\u0103tur\u0103 cu povestea aceasta pe care am aflat-o atunci c\u00e2nd am citit procesul verbal al procurorilor Anticorup\u021bie. Fiind \u00eempreun\u0103, ne-au oprit ma\u0219inile, nu a cercetat ma\u0219ina \u00een care m\u0103 aflam eu, m-a \u00eentrebat doar dac\u0103 \u0219tiu ceva, am zis nu, iar a doua zi am fost chemat la DNA\u201d, a povestit Ioan Buruian\u0103.<\/p>\n<p><a href=\"https:\/\/www.vremeanoua.ro\/ultima-ora-ioan-buruiana-audiat-de-procurorii-dna-in-dosarul-spagii-primite-de-dumitru-buzatu\/\" target=\"_blank\">SURSA<\/a><\/p>","protected":false},"excerpt":{"rendered":"<p>Ioan Buruian\u0103, fostul director economic al Direc\u021biei Generale de Asisten\u021b\u0103 \u0219i Protec\u021bia Copilului (DGASPC) Vaslui,&hellip;<\/p>\n","protected":false},"author":0,"featured_media":34286,"comment_status":"open","ping_status":"open","sticky":false,"template":"","format":"standard","meta":{"footnotes":""},"categories":[2],"tags":[],"class_list":["post-34285","post","type-post","status-publish","format-standard","has-post-thumbnail","hentry","category-actual"],"_links":{"self":[{"href":"https:\/\/247stiri.ro\/index.php\/wp-json\/wp\/v2\/posts\/34285","targetHints":{"allow":["GET"]}}],"collection":[{"href":"https:\/\/247stiri.ro\/index.php\/wp-json\/wp\/v2\/posts"}],"about":[{"href":"https:\/\/247stiri.ro\/index.php\/wp-json\/wp\/v2\/types\/post"}],"replies":[{"embeddable":true,"href":"https:\/\/247stiri.ro\/index.php\/wp-json\/wp\/v2\/comments?post=34285"}],"version-history":[{"count":0,"href":"https:\/\/247stiri.ro\/index.php\/wp-json\/wp\/v2\/posts\/34285\/revisions"}],"wp:featuredmedia":[{"embeddable":true,"href":"https:\/\/247stiri.ro\/index.php\/wp-json\/wp\/v2\/media\/34286"}],"wp:attachment":[{"href":"https:\/\/247stiri.ro\/index.php\/wp-json\/wp\/v2\/media?parent=34285"}],"wp:term":[{"taxonomy":"category","embeddable":true,"href":"https:\/\/247stiri.ro\/index.php\/wp-json\/wp\/v2\/categories?post=34285"},{"taxonomy":"post_tag","embeddable":true,"href":"https:\/\/247stiri.ro\/index.php\/wp-json\/wp\/v2\/tags?post=34285"}],"curies":[{"name":"wp","href":"https:\/\/api.w.org\/{rel}","templated":true}]}}