{"id":34289,"date":"2025-02-24T07:44:53","date_gmt":"2025-02-24T07:44:53","guid":{"rendered":"https:\/\/247stiri.ro\/index.php\/2025\/02\/24\/accident-intre-doua-autocisterne-in-judetul-suceava-unul-dintre-soferi-a-ramas-incarcerat\/"},"modified":"2025-02-24T07:44:53","modified_gmt":"2025-02-24T07:44:53","slug":"accident-intre-doua-autocisterne-in-judetul-suceava-unul-dintre-soferi-a-ramas-incarcerat","status":"publish","type":"post","link":"https:\/\/247stiri.ro\/index.php\/2025\/02\/24\/accident-intre-doua-autocisterne-in-judetul-suceava-unul-dintre-soferi-a-ramas-incarcerat\/","title":{"rendered":"Accident \u00eentre dou\u0103 autocisterne \u00een jude\u021bul Suceava. Unul dintre \u0219oferi a r\u0103mas \u00eencarcerat"},"content":{"rendered":"<p>\u201d<a href=\"https:\/\/www.realitatea.net\/stiri\/actual\/un-barbat-sia-pierdut-viata-in-urma-unui-accident-rutier-in-judetul-vaslui_67bafb51be52c75a09588983\" target=\"_blank\">Coliziune<\/a> (fa\u0163\u0103-spate) \u00eentre dou\u0103 autocisterne (ne\u00eenc\u0103rcate), pe raza localit\u0103\u0163ii Vadu Moldovei. \u00cen eveniment au fost implica\u0163i doar conduc\u0103torii auto, iar unul dintre ei a r\u0103mas \u00eencarcerat\u201d, potrivit ISU Suceava.<\/p>\n<p>La fa\u0163a locului au intervenit pompierii militari cu o autospecial\u0103 pentru descarcerare, dou\u0103 autospeciale de stingere \u015fi ambulan\u0163a SMURD, care au extras victima dintre fiarele autocisternei.<\/p>\n<p>\u201dConduc\u0103torul auto r\u0103nit a fost extras din cabina capului tractor. Acesta era con\u015ftient \u015fi cooperant. A primit \u00eengrijiri medicale la fa\u0163a locului, dup\u0103 care a fost transportat la spital pentru investiga\u0163ii suplimentare \u015fi tratament de specialitate\u201d, au mai trasnis reprezentan\u021bii ISU Suceava.\u00a0<\/p>\n<p>Traficul rutier a fost \u00a0oprit pe ambele sensuri, ca m\u0103sur\u0103 de preven\u0163ie, potrivit Centrului Infotrafic din Inspectoratul General al Poli\u0163iei Rom\u00e2ne.\u00a0<\/p>","protected":false},"excerpt":{"rendered":"<p>\u201dColiziune (fa\u0163\u0103-spate) \u00eentre dou\u0103 autocisterne (ne\u00eenc\u0103rcate), pe raza localit\u0103\u0163ii Vadu Moldovei. \u00cen eveniment au fost&hellip;<\/p>\n","protected":false},"author":0,"featured_media":34290,"comment_status":"open","ping_status":"open","sticky":false,"template":"","format":"standard","meta":{"footnotes":""},"categories":[2],"tags":[],"class_list":["post-34289","post","type-post","status-publish","format-standard","has-post-thumbnail","hentry","category-actual"],"_links":{"self":[{"href":"https:\/\/247stiri.ro\/index.php\/wp-json\/wp\/v2\/posts\/34289","targetHints":{"allow":["GET"]}}],"collection":[{"href":"https:\/\/247stiri.ro\/index.php\/wp-json\/wp\/v2\/posts"}],"about":[{"href":"https:\/\/247stiri.ro\/index.php\/wp-json\/wp\/v2\/types\/post"}],"replies":[{"embeddable":true,"href":"https:\/\/247stiri.ro\/index.php\/wp-json\/wp\/v2\/comments?post=34289"}],"version-history":[{"count":0,"href":"https:\/\/247stiri.ro\/index.php\/wp-json\/wp\/v2\/posts\/34289\/revisions"}],"wp:featuredmedia":[{"embeddable":true,"href":"https:\/\/247stiri.ro\/index.php\/wp-json\/wp\/v2\/media\/34290"}],"wp:attachment":[{"href":"https:\/\/247stiri.ro\/index.php\/wp-json\/wp\/v2\/media?parent=34289"}],"wp:term":[{"taxonomy":"category","embeddable":true,"href":"https:\/\/247stiri.ro\/index.php\/wp-json\/wp\/v2\/categories?post=34289"},{"taxonomy":"post_tag","embeddable":true,"href":"https:\/\/247stiri.ro\/index.php\/wp-json\/wp\/v2\/tags?post=34289"}],"curies":[{"name":"wp","href":"https:\/\/api.w.org\/{rel}","templated":true}]}}